{"id":135188,"date":"2019-05-04T12:41:11","date_gmt":"2019-05-04T10:41:11","guid":{"rendered":"https:\/\/veriv.eu\/?p=135188"},"modified":"2021-07-14T10:05:32","modified_gmt":"2021-07-14T08:05:32","slug":"odpowiedzi-prawnikow-na-panstwa-pytania-ws-afery-w-investments","status":"publish","type":"post","link":"https:\/\/veriv.eu\/index.php\/2019\/05\/04\/odpowiedzi-prawnikow-na-panstwa-pytania-ws-afery-w-investments\/","title":{"rendered":"Odpowiedzi Prawnik\u00f3w na Pa\u0144stwa Pytania ws. Afery W Investments"},"content":{"rendered":"<p style=\"text-align: justify;\"><strong>ODPOWIEDZI PRAWNIK\u00d3W NA PA\u0143STWA PYTANIA WS. AFERY W INVESTMENTS<\/strong><\/p>\n<p style=\"text-align: justify;\">W zwi\u0105zku z licznymi pytaniami jakie do nas nap\u0142ywaj\u0105 w meilach od Pa\u0144stwa, dotycz\u0105cych kwestii prawnych, postanowili\u015bmy porozmawia\u0107 z prawnikami zajmuj\u0105cymi si\u0119 spraw\u0105. Odpowiedzieli na nurtuj\u0105ce naszych widz\u00f3w pytania dotycz\u0105ce afery W Investments. Mog\u0105 si\u0119 pa\u0144stwo zapozna\u0107 z nimi w materiale Video poni\u017cej:<\/p>\n<p style=\"text-align: justify;\"><strong>[TV PRESS]: Czy mo\u017cna jeszcze odzyska\u0107 ca\u0142o\u015b\u0107 lub przynajmniej wi\u0119kszo\u015b\u0107 zainwestowanych \u015brodk\u00f3w i utraconych korzy\u015bci? Co z osobami kt\u00f3re zakupi\u0142y certyfikaty za po\u015brednictwem innych firm ni\u017c Alior i BO\u015a Bank? Czy dla nich te\u017c jest nadzieja.<\/strong><\/p>\n<p style=\"text-align: justify;\"><strong>[Prawnik]:<\/strong>\u00a0W naszej ocenie odzyskanie zainwestowanych \u015brodk\u00f3w jest jak najbardziej prawdopodobne, wynika to z tego, \u017ce przede wszystkim mo\u017cliwe jest sformu\u0142owanie w imieniu wszystkich uczestnik\u00f3w roszczenia wobec Raiffeisen Bank International AG Oddzia\u0142 w Polsce, jako depozytariuszowi tych funduszy. Niezale\u017cnie od tego mo\u017cliwe jest \u00a0dochodzenie roszcze\u0144 w stosunku do Alior Bank S.A. i Banku Ochrony \u015arodowiska S.A. w przypadkach gdzie uda si\u0119 udowodni\u0107, \u017ce instytucje te dopu\u015bci\u0142y si\u0119 missellingu. Dotyczy to te\u017c mniejszych dystrybutor\u00f3w o w\u0105tpliwej wyp\u0142acalno\u015bci, przy czym w ich wypadku na pewno bardziej korzystnym jest skierowanie roszcze\u0144 od razu w stosunku do Raiffeisen Banku, kt\u00f3ry nie powinien unika\u0107 zaspokojenia roszcze\u0144 zas\u0105dzonych prawomocnym wyrokiem s\u0105du.<\/p>\n<p style=\"text-align: justify;\"><strong>[TV PRESS]: Jakie s\u0105 podstawy odpowiedzialno\u015bci tych podmiot\u00f3w?<\/strong><\/p>\n<p style=\"text-align: justify;\"><strong>[Prawnik]:<\/strong>\u00a0Raiffeisen Bank zgodnie z decyzj\u0105 KNF do kt\u00f3rej odwo\u0142uje si\u0119 komunikat KNF z 14 wrze\u015bnia 2018 r. okre\u015blony zosta\u0142 jako podmiot, kt\u00f3ry nie dzia\u0142a\u0142 niezale\u017cnie i w interesie uczestnik\u00f3w Funduszy do czego zobligowany by\u0142 na podstawie art. 10 ustawy funduszach inwestycyjnych i zarz\u0105dzaniu alternatywnymi funduszami inwestycyjnymi.<\/p>\n<p style=\"text-align: justify;\">Oznacza to m.in. i\u017c: nie prowadzi\u0142 niezale\u017cnych wycen aktyw\u00f3w funduszy, nie posiada\u0142 wiedzy na temat stanu wszystkich aktyw\u00f3w funduszy, nie prowadzi\u0142 kompletnego rejestru aktyw\u00f3w oraz tolerowa\u0142 fakt niez\u0142o\u017cenia depozytariuszowi przez Fincrea TFI aktyw\u00f3w bazowych Funduszu, czy te\u017c nie zapewni\u0142, aby zbywanie i odkupywanie jednostek uczestnictwa odbywa\u0142o si\u0119 zgodnie z przepisami prawa i statutem danego Funduszu. Swoim post\u0119powaniem naruszy\u0142 wiec zar\u00f3wno art. 10, 72, 231 ustawy o funduszach oraz art. 89 i 90 Rozporz\u0105dzenia Komisji (UE) Nr 231\/2013 z dnia 19 grudnia 2012 r. dotycz\u0105cego m.in. depozytariuszy. Takie naruszenia nie tylko spowodowa\u0142y na\u0142o\u017cenie rekordowej kary administracyjnej, ale w naszej ocenie skutkowa\u0107 mog\u0105 orzeczeniem pe\u0142nej odpowiedzialno\u015bci Banku w stosunku do uczestnik\u00f3w na gruncie prawa cywilnego.<\/p>\n<p style=\"text-align: justify;\">W przypadku Alior Banku, to jak wiemy z medi\u00f3w wielu pracownik\u00f3w tego banku zosta\u0142o zatrzymanych w zwi\u0105zku z t\u0105 spraw\u0105. Okoliczno\u015b\u0107 ta r\u00f3wnie\u017c pozwala przyj\u0105\u0107 z du\u017cym prawdopodobie\u0144stwem, \u017ce KNF nie pozostanie bierny wobec tej instytucji. To tak\u017ce b\u0119dzie u\u0142atwia\u0107 dochodzenie roszcze\u0144 wobec tego banku.<\/p>\n<p style=\"text-align: justify;\">Z kolei z informacji jakie posiadamy na chwil\u0119 obecn\u0105 od uczestnik\u00f3w, kt\u00f3rzy nabyli certyfikaty uczestnictwa za po\u015brednictwem BO\u015a, sformu\u0142owanie podobnych roszcze\u0144 w stosunku do BO\u015a Bank b\u0119dzie trudne, jednak wobec mo\u017cliwo\u015bci dochodzenia roszcze\u0144 od Raiffeisen Banku, nie powinno to dla nich stanowi\u0107 problemu.<\/p>\n<p style=\"text-align: justify;\"><strong>[TV PRESS]: Jaka jest podstawa do poci\u0105gni\u0119cia tych instytucji do odpowiedzialno\u015bci?<\/strong><\/p>\n<p style=\"text-align: justify;\"><strong>[Prawnik]:<\/strong>\u00a0W ka\u017cdym z przypadk\u00f3w jest to odpowiedzialno\u015b\u0107 deliktowa tzn. odpowiedzialno\u015b\u0107 za szkod\u0119 wyrz\u0105dzon\u0105 czynami niedozwolonymi. R\u00f3\u017cnie te czyny si\u0119 kszta\u0142towa\u0142y, inaczej dla depozytariusza a inaczej dla dystrybutor\u00f3w.<\/p>\n<p style=\"text-align: justify;\">W wypadku depozytariusza \u2013 Raiffeisen Banku \u2013 mo\u017cna oprze\u0107 si\u0119 o ustalenia dokonane ju\u017c przez KNF, kt\u00f3re sprowadzaj\u0105 si\u0119 do tego, \u017ce Bank ten naruszy\u0142 podstawowe obowi\u0105zki ustawowe polegaj\u0105ce na de facto braku nadzoru nad dzia\u0142alno\u015bci\u0105 Fincrea TFI oraz podmiotami zarz\u0105dzaj\u0105cymi funduszami.<\/p>\n<p style=\"text-align: justify;\">W odniesieniu do dystrybutor\u00f3w jak wiemy z doniesie\u0144 medialnych, czy z licznych spraw jakie prowadzimy, s\u0105 to co do zasady zarzuty missellingu, kt\u00f3re najdelikatniej rzecz ujmuj\u0105c sprowadza\u0142y si\u0119 do wprowadzania w b\u0142\u0105d uczestnik\u00f3w co do natury oferowanych produkt\u00f3w.<\/p>\n<p style=\"text-align: justify;\">Udowodnienie tych czyn\u00f3w stanowi podstaw\u0119 do odpowiedzialno\u015bci odszkodowawczej ka\u017cdego z wymienionych podmiot\u00f3w.<\/p>\n<p style=\"text-align: justify;\"><strong>[TV PRESS]: Jakie kroki nale\u017cy zatem podj\u0105\u0107 aby zabezpieczy\u0107 swoje interesy? Kiedy te\u017c zacz\u0105\u0107 dzia\u0142a\u0107?<\/strong><\/p>\n<p style=\"text-align: justify;\"><strong>[Prawnik]:<\/strong>\u00a0Warto aby uczestnicy zjednoczyli si\u0119 i podj\u0119li wsp\u00f3lne kroki, gdy\u017c wi\u0119kszej grupie, du\u017co \u0142atwiej b\u0119dzie dochodzi\u0107 swoich praw, a tak\u017ce b\u0119d\u0105 oni w lepszej pozycji w rozmowach z bankami. Co wa\u017cne koszty kt\u00f3re uczestnicy ponios\u0105 b\u0119d\u0105 dla nich jednostkowo ni\u017csze, je\u015bli z\u0142o\u017c\u0105 si\u0119 na prowadzenie ich sprawy. W takiej sytuacji prawnik otrzyma satysfakcjonuj\u0105ce go wynagrodzenie, motywuj\u0105ce do prowadzenia sprawy z pe\u0142nym zaanga\u017cowaniem, a koszty uczestnik\u00f3w pozostan\u0105 stosunkowo niskie. Przy podj\u0119ciu tych dzia\u0142a\u0144 niezwykle istotne jest skorzystanie z pomocy kancelarii prawnej, kt\u00f3ra z jednej strony zapewni niezale\u017cno\u015b\u0107 i realn\u0105 walk\u0119 o interesy uczestnik\u00f3w, a z drugiej strony specjalizuje si\u0119 w post\u0119powaniach s\u0105dowych oraz posiada wiedz\u0119 i do\u015bwiadczenie w zakresie rynk\u00f3w kapita\u0142owych. Post\u0119powania w tych sprawach wymagaj\u0105 specjalistycznej wiedzy i znajomo\u015bci przepis\u00f3w reguluj\u0105cych ten rynek. Niezale\u017cno\u015b\u0107 kancelarii reprezentuj\u0105cej uczestnik\u00f3w od zamieszanych w spraw\u0119 instytucji rynku finansowo-kapita\u0142owego (dystrybutor\u00f3w i depozytariusza) jest za\u015b o tyle istotna, \u017ce jej brak mo\u017ce skutkowa\u0107 tym, \u017ce uczestnicy stan\u0105 si\u0119 jedynie t\u0142em dla rozgrywek na wy\u017cszym, nieznanym nam poziomie, w zwi\u0105zku z czym ich interesy mog\u0105 nie by\u0107 nale\u017cycie reprezentowane.<\/p>\n<p style=\"text-align: justify;\">Dzia\u0142ania warto zacz\u0105\u0107 jak najszybciej i nie mo\u017cna da\u0107 sobie wm\u00f3wi\u0107, \u017ce dopiero moment zamkni\u0119cia likwidacji funduszy b\u0119dzie stanowi\u0142 w\u0142a\u015bciwy czas do ich rozpocz\u0119cia. Zanim to nast\u0105pi mo\u017cna uzyska\u0107 co najmniej wyrok przes\u0105dzaj\u0105cy odpowiedzialno\u015b\u0107 Raiffeisen Banku co do zasady. Po zako\u0144czeniu likwidacji, maj\u0105c ju\u017c taki wyrok, tylko i wy\u0142\u0105cznie kwesti\u0105 techniczn\u0105 powinno by\u0107 uzyskanie kolejnego wyroku zas\u0105dzaj\u0105cego ju\u017c konkretn\u0105 kwot\u0119 odszkodowania, stanowi\u0105c\u0105 r\u00f3\u017cnice pomi\u0119dzy tym co uczestnik uzyska w toku likwidacji, a tym co zainwestowa\u0142 w fundusze. W naszej ocenie bardzo prawdopodobne jest zreszt\u0105, \u017ce Raiffeisen Bank aby unikn\u0105\u0107 ponoszenia dodatkowych koszt\u00f3w post\u0119powa\u0144, od razu po likwidacji zawrze ugod\u0119 z uczestnikami, kt\u00f3rzy uzyskali wyrok co do zasady i wyp\u0142aci w ca\u0142o\u015bci nale\u017cne roszczenie. Uczestnicy musz\u0105 mie\u0107 na uwadze, \u017ce ka\u017cdy z podmiot\u00f3w, kt\u00f3ry pope\u0142ni\u0142 b\u0142\u0105d czy to w nadzorze czy w oferowaniu certyfikat\u00f3w, b\u0119dzie za wszelk\u0105 cen\u0119 stara\u0142 odsun\u0105\u0107 od siebie odpowiedzialno\u015b\u0107, dotyczy to te\u017c odsuwania tej odpowiedzialno\u015bci w czasie. Nie wolno da\u0107 si\u0119 zmanipulowa\u0107 w ten spos\u00f3b.<\/p>\n<p style=\"text-align: justify;\"><strong>TV PRESS: Jakie rodzaju mog\u0105 by\u0107\u00a0 to dzia\u0142ania? Czy w\u0142a\u015bciwy jest tu pozew grupowy czy pozwy indywidualne,?<\/strong><\/p>\n<p style=\"text-align: justify;\"><strong>[Prawnik]:<\/strong>\u00a0To zale\u017cy od okoliczno\u015bci, wydaj\u0119 si\u0119, \u017ce ze wzgl\u0119du na wspomniane przeze mnie wcze\u015bniej kwestie \u2013 cho\u0107by roz\u0142o\u017cenie koszt\u00f3w \u2013 dobrym rozwi\u0105zaniem mo\u017ce by\u0107 pozew grupowy. Nie mo\u017cna jednak wykluczy\u0107, \u017ce po analizie danych przypadk\u00f3w, zasadne by\u0142oby pow\u00f3dztwo indywidualne. Wszystko zale\u017cy od stanu faktycznego, co mo\u017cna stwierdzi\u0107 dopiero po szczeg\u00f3\u0142owej analizie konkretnej sytuacji.<\/p>\n","protected":false},"excerpt":{"rendered":"<p>ODPOWIEDZI PRAWNIK\u00d3W NA PA\u0143STWA PYTANIA WS. AFERY W INVESTMENTS W zwi\u0105zku z licznymi pytaniami jakie do nas nap\u0142ywaj\u0105 w meilach od Pa\u0144stwa, dotycz\u0105cych kwestii prawnych, postanowili\u015bmy porozmawia\u0107 z prawnikami zajmuj\u0105cymi si\u0119 spraw\u0105. Odpowiedzieli na nurtuj\u0105ce naszych widz\u00f3w pytania dotycz\u0105ce afery W Investments. Mog\u0105 si\u0119 pa\u0144stwo zapozna\u0107 z nimi w materiale Video poni\u017cej: [TV PRESS]: Czy [&hellip;]<\/p>\n","protected":false},"author":1,"featured_media":141996,"comment_status":"closed","ping_status":"open","sticky":false,"template":"","format":"standard","meta":{"footnotes":""},"categories":[33],"tags":[],"class_list":["post-135188","post","type-post","status-publish","format-standard","has-post-thumbnail","hentry","category-lowcy-afer-afery-gospodarcze"],"yoast_head":"<!-- This site is optimized with the Yoast SEO plugin v23.4 - https:\/\/yoast.com\/wordpress\/plugins\/seo\/ -->\n<title>Odpowiedzi Prawnik\u00f3w na Pa\u0144stwa Pytania ws. Afery W Investments - Kancelaria Prawna \/ Adwokat, Radca Prawny, Detektyw<\/title>\n<meta name=\"robots\" content=\"index, follow, max-snippet:-1, max-image-preview:large, max-video-preview:-1\" \/>\n<link rel=\"canonical\" href=\"https:\/\/veriv.eu\/index.php\/2019\/05\/04\/odpowiedzi-prawnikow-na-panstwa-pytania-ws-afery-w-investments\/\" \/>\n<meta property=\"og:locale\" content=\"pl_PL\" \/>\n<meta property=\"og:type\" content=\"article\" \/>\n<meta property=\"og:title\" content=\"Odpowiedzi Prawnik\u00f3w na Pa\u0144stwa Pytania ws. Afery W Investments - Kancelaria Prawna \/ Adwokat, Radca Prawny, Detektyw\" \/>\n<meta property=\"og:description\" content=\"ODPOWIEDZI PRAWNIK\u00d3W NA PA\u0143STWA PYTANIA WS. AFERY W INVESTMENTS W zwi\u0105zku z licznymi pytaniami jakie do nas nap\u0142ywaj\u0105 w meilach od Pa\u0144stwa, dotycz\u0105cych kwestii prawnych, postanowili\u015bmy porozmawia\u0107 z prawnikami zajmuj\u0105cymi si\u0119 spraw\u0105. Odpowiedzieli na nurtuj\u0105ce naszych widz\u00f3w pytania dotycz\u0105ce afery W Investments. Mog\u0105 si\u0119 pa\u0144stwo zapozna\u0107 z nimi w materiale Video poni\u017cej: [TV PRESS]: Czy [&hellip;]\" \/>\n<meta property=\"og:url\" content=\"https:\/\/veriv.eu\/index.php\/2019\/05\/04\/odpowiedzi-prawnikow-na-panstwa-pytania-ws-afery-w-investments\/\" \/>\n<meta property=\"og:site_name\" content=\"Kancelaria Prawna \/ Adwokat, Radca Prawny, Detektyw\" \/>\n<meta property=\"article:author\" content=\"https:\/\/www.facebook.com\/veriv.s.a\/\" \/>\n<meta property=\"article:published_time\" content=\"2019-05-04T10:41:11+00:00\" \/>\n<meta property=\"article:modified_time\" content=\"2021-07-14T08:05:32+00:00\" \/>\n<meta property=\"og:image\" content=\"https:\/\/veriv.eu\/wp-content\/uploads\/2019\/05\/Mariusz-Pokrzywko-Lowcy-Afer-1024x576.png\" \/>\n\t<meta property=\"og:image:width\" content=\"1024\" \/>\n\t<meta property=\"og:image:height\" content=\"576\" \/>\n\t<meta property=\"og:image:type\" content=\"image\/png\" \/>\n<meta name=\"author\" content=\"VERIV\" \/>\n<meta name=\"twitter:card\" content=\"summary_large_image\" \/>\n<meta name=\"twitter:label1\" content=\"Napisane przez\" \/>\n\t<meta name=\"twitter:data1\" content=\"VERIV\" \/>\n\t<meta name=\"twitter:label2\" content=\"Szacowany czas czytania\" \/>\n\t<meta name=\"twitter:data2\" content=\"6 minut\" \/>\n<script type=\"application\/ld+json\" class=\"yoast-schema-graph\">{\"@context\":\"https:\/\/schema.org\",\"@graph\":[{\"@type\":\"WebPage\",\"@id\":\"https:\/\/veriv.eu\/index.php\/2019\/05\/04\/odpowiedzi-prawnikow-na-panstwa-pytania-ws-afery-w-investments\/\",\"url\":\"https:\/\/veriv.eu\/index.php\/2019\/05\/04\/odpowiedzi-prawnikow-na-panstwa-pytania-ws-afery-w-investments\/\",\"name\":\"Odpowiedzi Prawnik\u00f3w na Pa\u0144stwa Pytania ws. Afery W Investments - Kancelaria Prawna \/ Adwokat, Radca Prawny, Detektyw\",\"isPartOf\":{\"@id\":\"https:\/\/veriv.eu\/#website\"},\"primaryImageOfPage\":{\"@id\":\"https:\/\/veriv.eu\/index.php\/2019\/05\/04\/odpowiedzi-prawnikow-na-panstwa-pytania-ws-afery-w-investments\/#primaryimage\"},\"image\":{\"@id\":\"https:\/\/veriv.eu\/index.php\/2019\/05\/04\/odpowiedzi-prawnikow-na-panstwa-pytania-ws-afery-w-investments\/#primaryimage\"},\"thumbnailUrl\":\"https:\/\/veriv.eu\/wp-content\/uploads\/2019\/05\/Mariusz-Pokrzywko-Lowcy-Afer.png\",\"datePublished\":\"2019-05-04T10:41:11+00:00\",\"dateModified\":\"2021-07-14T08:05:32+00:00\",\"author\":{\"@id\":\"https:\/\/veriv.eu\/#\/schema\/person\/423552a3509eca4d7f912a129e38485e\"},\"breadcrumb\":{\"@id\":\"https:\/\/veriv.eu\/index.php\/2019\/05\/04\/odpowiedzi-prawnikow-na-panstwa-pytania-ws-afery-w-investments\/#breadcrumb\"},\"inLanguage\":\"pl-PL\",\"potentialAction\":[{\"@type\":\"ReadAction\",\"target\":[\"https:\/\/veriv.eu\/index.php\/2019\/05\/04\/odpowiedzi-prawnikow-na-panstwa-pytania-ws-afery-w-investments\/\"]}]},{\"@type\":\"ImageObject\",\"inLanguage\":\"pl-PL\",\"@id\":\"https:\/\/veriv.eu\/index.php\/2019\/05\/04\/odpowiedzi-prawnikow-na-panstwa-pytania-ws-afery-w-investments\/#primaryimage\",\"url\":\"https:\/\/veriv.eu\/wp-content\/uploads\/2019\/05\/Mariusz-Pokrzywko-Lowcy-Afer.png\",\"contentUrl\":\"https:\/\/veriv.eu\/wp-content\/uploads\/2019\/05\/Mariusz-Pokrzywko-Lowcy-Afer.png\",\"width\":1920,\"height\":1080},{\"@type\":\"BreadcrumbList\",\"@id\":\"https:\/\/veriv.eu\/index.php\/2019\/05\/04\/odpowiedzi-prawnikow-na-panstwa-pytania-ws-afery-w-investments\/#breadcrumb\",\"itemListElement\":[{\"@type\":\"ListItem\",\"position\":1,\"name\":\"Strona g\u0142\u00f3wna\",\"item\":\"https:\/\/veriv.eu\/\"},{\"@type\":\"ListItem\",\"position\":2,\"name\":\"Odpowiedzi Prawnik\u00f3w na Pa\u0144stwa Pytania ws. Afery W Investments\"}]},{\"@type\":\"WebSite\",\"@id\":\"https:\/\/veriv.eu\/#website\",\"url\":\"https:\/\/veriv.eu\/\",\"name\":\"Kancelaria Prawna \/ Adwokat, Radca Prawny, Detektyw\",\"description\":\"Kancelaria Veriv\",\"potentialAction\":[{\"@type\":\"SearchAction\",\"target\":{\"@type\":\"EntryPoint\",\"urlTemplate\":\"https:\/\/veriv.eu\/?s={search_term_string}\"},\"query-input\":{\"@type\":\"PropertyValueSpecification\",\"valueRequired\":true,\"valueName\":\"search_term_string\"}}],\"inLanguage\":\"pl-PL\"},{\"@type\":\"Person\",\"@id\":\"https:\/\/veriv.eu\/#\/schema\/person\/423552a3509eca4d7f912a129e38485e\",\"name\":\"VERIV\",\"image\":{\"@type\":\"ImageObject\",\"inLanguage\":\"pl-PL\",\"@id\":\"https:\/\/veriv.eu\/#\/schema\/person\/image\/\",\"url\":\"https:\/\/secure.gravatar.com\/avatar\/fd09232202d88df8c7e56af87438fa2e?s=96&d=mm&r=g\",\"contentUrl\":\"https:\/\/secure.gravatar.com\/avatar\/fd09232202d88df8c7e56af87438fa2e?s=96&d=mm&r=g\",\"caption\":\"VERIV\"},\"sameAs\":[\"https:\/\/veriv.eu\",\"https:\/\/www.facebook.com\/veriv.s.a\/\",\"https:\/\/www.youtube.com\/results?search_query=jm+network+television\"],\"url\":\"https:\/\/veriv.eu\/index.php\/author\/admin\/\"}]}<\/script>\n<!-- \/ Yoast SEO plugin. -->","yoast_head_json":{"title":"Odpowiedzi Prawnik\u00f3w na Pa\u0144stwa Pytania ws. Afery W Investments - Kancelaria Prawna \/ Adwokat, Radca Prawny, Detektyw","robots":{"index":"index","follow":"follow","max-snippet":"max-snippet:-1","max-image-preview":"max-image-preview:large","max-video-preview":"max-video-preview:-1"},"canonical":"https:\/\/veriv.eu\/index.php\/2019\/05\/04\/odpowiedzi-prawnikow-na-panstwa-pytania-ws-afery-w-investments\/","og_locale":"pl_PL","og_type":"article","og_title":"Odpowiedzi Prawnik\u00f3w na Pa\u0144stwa Pytania ws. Afery W Investments - Kancelaria Prawna \/ Adwokat, Radca Prawny, Detektyw","og_description":"ODPOWIEDZI PRAWNIK\u00d3W NA PA\u0143STWA PYTANIA WS. AFERY W INVESTMENTS W zwi\u0105zku z licznymi pytaniami jakie do nas nap\u0142ywaj\u0105 w meilach od Pa\u0144stwa, dotycz\u0105cych kwestii prawnych, postanowili\u015bmy porozmawia\u0107 z prawnikami zajmuj\u0105cymi si\u0119 spraw\u0105. Odpowiedzieli na nurtuj\u0105ce naszych widz\u00f3w pytania dotycz\u0105ce afery W Investments. Mog\u0105 si\u0119 pa\u0144stwo zapozna\u0107 z nimi w materiale Video poni\u017cej: [TV PRESS]: Czy [&hellip;]","og_url":"https:\/\/veriv.eu\/index.php\/2019\/05\/04\/odpowiedzi-prawnikow-na-panstwa-pytania-ws-afery-w-investments\/","og_site_name":"Kancelaria Prawna \/ Adwokat, Radca Prawny, Detektyw","article_author":"https:\/\/www.facebook.com\/veriv.s.a\/","article_published_time":"2019-05-04T10:41:11+00:00","article_modified_time":"2021-07-14T08:05:32+00:00","og_image":[{"width":1024,"height":576,"url":"https:\/\/veriv.eu\/wp-content\/uploads\/2019\/05\/Mariusz-Pokrzywko-Lowcy-Afer-1024x576.png","type":"image\/png"}],"author":"VERIV","twitter_card":"summary_large_image","twitter_misc":{"Napisane przez":"VERIV","Szacowany czas czytania":"6 minut"},"schema":{"@context":"https:\/\/schema.org","@graph":[{"@type":"WebPage","@id":"https:\/\/veriv.eu\/index.php\/2019\/05\/04\/odpowiedzi-prawnikow-na-panstwa-pytania-ws-afery-w-investments\/","url":"https:\/\/veriv.eu\/index.php\/2019\/05\/04\/odpowiedzi-prawnikow-na-panstwa-pytania-ws-afery-w-investments\/","name":"Odpowiedzi Prawnik\u00f3w na Pa\u0144stwa Pytania ws. Afery W Investments - Kancelaria Prawna \/ Adwokat, Radca Prawny, Detektyw","isPartOf":{"@id":"https:\/\/veriv.eu\/#website"},"primaryImageOfPage":{"@id":"https:\/\/veriv.eu\/index.php\/2019\/05\/04\/odpowiedzi-prawnikow-na-panstwa-pytania-ws-afery-w-investments\/#primaryimage"},"image":{"@id":"https:\/\/veriv.eu\/index.php\/2019\/05\/04\/odpowiedzi-prawnikow-na-panstwa-pytania-ws-afery-w-investments\/#primaryimage"},"thumbnailUrl":"https:\/\/veriv.eu\/wp-content\/uploads\/2019\/05\/Mariusz-Pokrzywko-Lowcy-Afer.png","datePublished":"2019-05-04T10:41:11+00:00","dateModified":"2021-07-14T08:05:32+00:00","author":{"@id":"https:\/\/veriv.eu\/#\/schema\/person\/423552a3509eca4d7f912a129e38485e"},"breadcrumb":{"@id":"https:\/\/veriv.eu\/index.php\/2019\/05\/04\/odpowiedzi-prawnikow-na-panstwa-pytania-ws-afery-w-investments\/#breadcrumb"},"inLanguage":"pl-PL","potentialAction":[{"@type":"ReadAction","target":["https:\/\/veriv.eu\/index.php\/2019\/05\/04\/odpowiedzi-prawnikow-na-panstwa-pytania-ws-afery-w-investments\/"]}]},{"@type":"ImageObject","inLanguage":"pl-PL","@id":"https:\/\/veriv.eu\/index.php\/2019\/05\/04\/odpowiedzi-prawnikow-na-panstwa-pytania-ws-afery-w-investments\/#primaryimage","url":"https:\/\/veriv.eu\/wp-content\/uploads\/2019\/05\/Mariusz-Pokrzywko-Lowcy-Afer.png","contentUrl":"https:\/\/veriv.eu\/wp-content\/uploads\/2019\/05\/Mariusz-Pokrzywko-Lowcy-Afer.png","width":1920,"height":1080},{"@type":"BreadcrumbList","@id":"https:\/\/veriv.eu\/index.php\/2019\/05\/04\/odpowiedzi-prawnikow-na-panstwa-pytania-ws-afery-w-investments\/#breadcrumb","itemListElement":[{"@type":"ListItem","position":1,"name":"Strona g\u0142\u00f3wna","item":"https:\/\/veriv.eu\/"},{"@type":"ListItem","position":2,"name":"Odpowiedzi Prawnik\u00f3w na Pa\u0144stwa Pytania ws. Afery W Investments"}]},{"@type":"WebSite","@id":"https:\/\/veriv.eu\/#website","url":"https:\/\/veriv.eu\/","name":"Kancelaria Prawna \/ Adwokat, Radca Prawny, Detektyw","description":"Kancelaria Veriv","potentialAction":[{"@type":"SearchAction","target":{"@type":"EntryPoint","urlTemplate":"https:\/\/veriv.eu\/?s={search_term_string}"},"query-input":{"@type":"PropertyValueSpecification","valueRequired":true,"valueName":"search_term_string"}}],"inLanguage":"pl-PL"},{"@type":"Person","@id":"https:\/\/veriv.eu\/#\/schema\/person\/423552a3509eca4d7f912a129e38485e","name":"VERIV","image":{"@type":"ImageObject","inLanguage":"pl-PL","@id":"https:\/\/veriv.eu\/#\/schema\/person\/image\/","url":"https:\/\/secure.gravatar.com\/avatar\/fd09232202d88df8c7e56af87438fa2e?s=96&d=mm&r=g","contentUrl":"https:\/\/secure.gravatar.com\/avatar\/fd09232202d88df8c7e56af87438fa2e?s=96&d=mm&r=g","caption":"VERIV"},"sameAs":["https:\/\/veriv.eu","https:\/\/www.facebook.com\/veriv.s.a\/","https:\/\/www.youtube.com\/results?search_query=jm+network+television"],"url":"https:\/\/veriv.eu\/index.php\/author\/admin\/"}]}},"_links":{"self":[{"href":"https:\/\/veriv.eu\/index.php\/wp-json\/wp\/v2\/posts\/135188","targetHints":{"allow":["GET"]}}],"collection":[{"href":"https:\/\/veriv.eu\/index.php\/wp-json\/wp\/v2\/posts"}],"about":[{"href":"https:\/\/veriv.eu\/index.php\/wp-json\/wp\/v2\/types\/post"}],"author":[{"embeddable":true,"href":"https:\/\/veriv.eu\/index.php\/wp-json\/wp\/v2\/users\/1"}],"replies":[{"embeddable":true,"href":"https:\/\/veriv.eu\/index.php\/wp-json\/wp\/v2\/comments?post=135188"}],"version-history":[{"count":0,"href":"https:\/\/veriv.eu\/index.php\/wp-json\/wp\/v2\/posts\/135188\/revisions"}],"wp:featuredmedia":[{"embeddable":true,"href":"https:\/\/veriv.eu\/index.php\/wp-json\/wp\/v2\/media\/141996"}],"wp:attachment":[{"href":"https:\/\/veriv.eu\/index.php\/wp-json\/wp\/v2\/media?parent=135188"}],"wp:term":[{"taxonomy":"category","embeddable":true,"href":"https:\/\/veriv.eu\/index.php\/wp-json\/wp\/v2\/categories?post=135188"},{"taxonomy":"post_tag","embeddable":true,"href":"https:\/\/veriv.eu\/index.php\/wp-json\/wp\/v2\/tags?post=135188"}],"curies":[{"name":"wp","href":"https:\/\/api.w.org\/{rel}","templated":true}]}}