{"id":134417,"date":"2019-04-23T01:33:02","date_gmt":"2019-04-22T23:33:02","guid":{"rendered":"http:\/\/veriv.pokrzywko.com\/?p=134417"},"modified":"2021-07-15T14:36:05","modified_gmt":"2021-07-15T12:36:05","slug":"kontakt","status":"publish","type":"post","link":"https:\/\/veriv.eu\/index.php\/2019\/04\/23\/kontakt\/","title":{"rendered":"Kontakt"},"content":{"rendered":"<p><strong>Veriv S.A. z siedzib\u0105 w Warszawie\u00a0 01-234 Warszawa Ul. Kasprzaka 31 lokal 203<br \/>\n<\/strong>Wpisan\u0105 do rejestru przedsi\u0119biorc\u00f3w Krajowego Rejestru Sadowego prowadzonego przez S\u0105d Rejonowy dla\u00a0dla m.st. Warszawy w Warszawie, XII Wydzia\u0142 Gospodarczy;\u00a0\u00a0Krajowego Rejestry Sadowego pod numerem KRS 0000563477, NIP 8971810148, REGON 361818985. Kapita\u0142 zak\u0142adowy 4 043 500,00 z\u0142. wp\u0142acony w ca\u0142o\u015bci.<\/p>\n<p>Zapraszamy w godzinach od 10.00 do 17.00\u00a0 w dni robocze od Poniedzia\u0142ku do Pi\u0105tku.<\/p>\n<p>Dyrektor d\/s Prawnych +48 608 783 284<br \/>\nKsi\u0119gowo\u015b\u0107 +48 601 131 151<br \/>\nemail: kancelaria@veriv.eu<\/p>\n<p>PROKURENT<br \/>\nMariusz Pokrzywko<br \/>\nTel. +48 602 511 511<\/p>\n","protected":false},"excerpt":{"rendered":"<p>Veriv S.A. z siedzib\u0105 w Warszawie\u00a0 01-234 Warszawa Ul. Kasprzaka 31 lokal 203 Wpisan\u0105 do rejestru przedsi\u0119biorc\u00f3w Krajowego Rejestru Sadowego prowadzonego przez S\u0105d Rejonowy dla\u00a0dla m.st. Warszawy w Warszawie, XII Wydzia\u0142 Gospodarczy;\u00a0\u00a0Krajowego Rejestry Sadowego pod numerem KRS 0000563477, NIP 8971810148, REGON 361818985. Kapita\u0142 zak\u0142adowy 4 043 500,00 z\u0142. wp\u0142acony w ca\u0142o\u015bci. Zapraszamy w godzinach od [&hellip;]<\/p>\n","protected":false},"author":1,"featured_media":134218,"comment_status":"closed","ping_status":"open","sticky":false,"template":"","format":"standard","meta":{"footnotes":""},"categories":[40],"tags":[],"class_list":["post-134417","post","type-post","status-publish","format-standard","has-post-thumbnail","hentry","category-kontakt-veriv-pokrzywko"],"yoast_head":"<!-- This site is optimized with the Yoast SEO plugin v23.4 - https:\/\/yoast.com\/wordpress\/plugins\/seo\/ -->\n<title>Kontakt - Kancelaria Prawna \/ Adwokat, Radca Prawny, Detektyw<\/title>\n<meta name=\"robots\" content=\"index, follow, max-snippet:-1, max-image-preview:large, max-video-preview:-1\" \/>\n<link rel=\"canonical\" href=\"https:\/\/veriv.eu\/index.php\/2019\/04\/23\/kontakt\/\" \/>\n<meta property=\"og:locale\" content=\"pl_PL\" \/>\n<meta property=\"og:type\" content=\"article\" \/>\n<meta property=\"og:title\" content=\"Kontakt - Kancelaria Prawna \/ Adwokat, Radca Prawny, Detektyw\" \/>\n<meta property=\"og:description\" content=\"Veriv S.A. z siedzib\u0105 w Warszawie\u00a0 01-234 Warszawa Ul. Kasprzaka 31 lokal 203 Wpisan\u0105 do rejestru przedsi\u0119biorc\u00f3w Krajowego Rejestru Sadowego prowadzonego przez S\u0105d Rejonowy dla\u00a0dla m.st. Warszawy w Warszawie, XII Wydzia\u0142 Gospodarczy;\u00a0\u00a0Krajowego Rejestry Sadowego pod numerem KRS 0000563477, NIP 8971810148, REGON 361818985. Kapita\u0142 zak\u0142adowy 4 043 500,00 z\u0142. wp\u0142acony w ca\u0142o\u015bci. Zapraszamy w godzinach od [&hellip;]\" \/>\n<meta property=\"og:url\" content=\"https:\/\/veriv.eu\/index.php\/2019\/04\/23\/kontakt\/\" \/>\n<meta property=\"og:site_name\" content=\"Kancelaria Prawna \/ Adwokat, Radca Prawny, Detektyw\" \/>\n<meta property=\"article:author\" content=\"https:\/\/www.facebook.com\/veriv.s.a\/\" \/>\n<meta property=\"article:published_time\" content=\"2019-04-22T23:33:02+00:00\" \/>\n<meta property=\"article:modified_time\" content=\"2021-07-15T12:36:05+00:00\" \/>\n<meta property=\"og:image\" content=\"https:\/\/veriv.eu\/wp-content\/uploads\/2019\/04\/Kontakt-Veriv-Pokrzywko-1-scaled.jpg\" \/>\n\t<meta property=\"og:image:width\" content=\"2560\" \/>\n\t<meta property=\"og:image:height\" content=\"1714\" \/>\n\t<meta property=\"og:image:type\" content=\"image\/jpeg\" \/>\n<meta name=\"author\" content=\"VERIV\" \/>\n<meta name=\"twitter:card\" content=\"summary_large_image\" \/>\n<meta name=\"twitter:label1\" content=\"Napisane przez\" \/>\n\t<meta name=\"twitter:data1\" content=\"VERIV\" \/>\n\t<meta name=\"twitter:label2\" content=\"Szacowany czas czytania\" \/>\n\t<meta name=\"twitter:data2\" content=\"1 minuta\" \/>\n<script type=\"application\/ld+json\" class=\"yoast-schema-graph\">{\"@context\":\"https:\/\/schema.org\",\"@graph\":[{\"@type\":\"WebPage\",\"@id\":\"https:\/\/veriv.eu\/index.php\/2019\/04\/23\/kontakt\/\",\"url\":\"https:\/\/veriv.eu\/index.php\/2019\/04\/23\/kontakt\/\",\"name\":\"Kontakt - Kancelaria Prawna \/ Adwokat, Radca Prawny, Detektyw\",\"isPartOf\":{\"@id\":\"https:\/\/veriv.eu\/#website\"},\"primaryImageOfPage\":{\"@id\":\"https:\/\/veriv.eu\/index.php\/2019\/04\/23\/kontakt\/#primaryimage\"},\"image\":{\"@id\":\"https:\/\/veriv.eu\/index.php\/2019\/04\/23\/kontakt\/#primaryimage\"},\"thumbnailUrl\":\"https:\/\/veriv.eu\/wp-content\/uploads\/2019\/04\/Kontakt-Veriv-Pokrzywko-1-scaled.jpg\",\"datePublished\":\"2019-04-22T23:33:02+00:00\",\"dateModified\":\"2021-07-15T12:36:05+00:00\",\"author\":{\"@id\":\"https:\/\/veriv.eu\/#\/schema\/person\/423552a3509eca4d7f912a129e38485e\"},\"breadcrumb\":{\"@id\":\"https:\/\/veriv.eu\/index.php\/2019\/04\/23\/kontakt\/#breadcrumb\"},\"inLanguage\":\"pl-PL\",\"potentialAction\":[{\"@type\":\"ReadAction\",\"target\":[\"https:\/\/veriv.eu\/index.php\/2019\/04\/23\/kontakt\/\"]}]},{\"@type\":\"ImageObject\",\"inLanguage\":\"pl-PL\",\"@id\":\"https:\/\/veriv.eu\/index.php\/2019\/04\/23\/kontakt\/#primaryimage\",\"url\":\"https:\/\/veriv.eu\/wp-content\/uploads\/2019\/04\/Kontakt-Veriv-Pokrzywko-1-scaled.jpg\",\"contentUrl\":\"https:\/\/veriv.eu\/wp-content\/uploads\/2019\/04\/Kontakt-Veriv-Pokrzywko-1-scaled.jpg\",\"width\":2560,\"height\":1714},{\"@type\":\"BreadcrumbList\",\"@id\":\"https:\/\/veriv.eu\/index.php\/2019\/04\/23\/kontakt\/#breadcrumb\",\"itemListElement\":[{\"@type\":\"ListItem\",\"position\":1,\"name\":\"Strona g\u0142\u00f3wna\",\"item\":\"https:\/\/veriv.eu\/\"},{\"@type\":\"ListItem\",\"position\":2,\"name\":\"Kontakt\"}]},{\"@type\":\"WebSite\",\"@id\":\"https:\/\/veriv.eu\/#website\",\"url\":\"https:\/\/veriv.eu\/\",\"name\":\"Kancelaria Prawna \/ Adwokat, Radca Prawny, Detektyw\",\"description\":\"Kancelaria Veriv\",\"potentialAction\":[{\"@type\":\"SearchAction\",\"target\":{\"@type\":\"EntryPoint\",\"urlTemplate\":\"https:\/\/veriv.eu\/?s={search_term_string}\"},\"query-input\":{\"@type\":\"PropertyValueSpecification\",\"valueRequired\":true,\"valueName\":\"search_term_string\"}}],\"inLanguage\":\"pl-PL\"},{\"@type\":\"Person\",\"@id\":\"https:\/\/veriv.eu\/#\/schema\/person\/423552a3509eca4d7f912a129e38485e\",\"name\":\"VERIV\",\"image\":{\"@type\":\"ImageObject\",\"inLanguage\":\"pl-PL\",\"@id\":\"https:\/\/veriv.eu\/#\/schema\/person\/image\/\",\"url\":\"https:\/\/secure.gravatar.com\/avatar\/fd09232202d88df8c7e56af87438fa2e?s=96&d=mm&r=g\",\"contentUrl\":\"https:\/\/secure.gravatar.com\/avatar\/fd09232202d88df8c7e56af87438fa2e?s=96&d=mm&r=g\",\"caption\":\"VERIV\"},\"sameAs\":[\"https:\/\/veriv.eu\",\"https:\/\/www.facebook.com\/veriv.s.a\/\",\"https:\/\/www.youtube.com\/results?search_query=jm+network+television\"],\"url\":\"https:\/\/veriv.eu\/index.php\/author\/admin\/\"}]}<\/script>\n<!-- \/ Yoast SEO plugin. -->","yoast_head_json":{"title":"Kontakt - Kancelaria Prawna \/ Adwokat, Radca Prawny, Detektyw","robots":{"index":"index","follow":"follow","max-snippet":"max-snippet:-1","max-image-preview":"max-image-preview:large","max-video-preview":"max-video-preview:-1"},"canonical":"https:\/\/veriv.eu\/index.php\/2019\/04\/23\/kontakt\/","og_locale":"pl_PL","og_type":"article","og_title":"Kontakt - Kancelaria Prawna \/ Adwokat, Radca Prawny, Detektyw","og_description":"Veriv S.A. z siedzib\u0105 w Warszawie\u00a0 01-234 Warszawa Ul. Kasprzaka 31 lokal 203 Wpisan\u0105 do rejestru przedsi\u0119biorc\u00f3w Krajowego Rejestru Sadowego prowadzonego przez S\u0105d Rejonowy dla\u00a0dla m.st. Warszawy w Warszawie, XII Wydzia\u0142 Gospodarczy;\u00a0\u00a0Krajowego Rejestry Sadowego pod numerem KRS 0000563477, NIP 8971810148, REGON 361818985. Kapita\u0142 zak\u0142adowy 4 043 500,00 z\u0142. wp\u0142acony w ca\u0142o\u015bci. Zapraszamy w godzinach od [&hellip;]","og_url":"https:\/\/veriv.eu\/index.php\/2019\/04\/23\/kontakt\/","og_site_name":"Kancelaria Prawna \/ Adwokat, Radca Prawny, Detektyw","article_author":"https:\/\/www.facebook.com\/veriv.s.a\/","article_published_time":"2019-04-22T23:33:02+00:00","article_modified_time":"2021-07-15T12:36:05+00:00","og_image":[{"width":2560,"height":1714,"url":"https:\/\/veriv.eu\/wp-content\/uploads\/2019\/04\/Kontakt-Veriv-Pokrzywko-1-scaled.jpg","type":"image\/jpeg"}],"author":"VERIV","twitter_card":"summary_large_image","twitter_misc":{"Napisane przez":"VERIV","Szacowany czas czytania":"1 minuta"},"schema":{"@context":"https:\/\/schema.org","@graph":[{"@type":"WebPage","@id":"https:\/\/veriv.eu\/index.php\/2019\/04\/23\/kontakt\/","url":"https:\/\/veriv.eu\/index.php\/2019\/04\/23\/kontakt\/","name":"Kontakt - Kancelaria Prawna \/ Adwokat, Radca Prawny, Detektyw","isPartOf":{"@id":"https:\/\/veriv.eu\/#website"},"primaryImageOfPage":{"@id":"https:\/\/veriv.eu\/index.php\/2019\/04\/23\/kontakt\/#primaryimage"},"image":{"@id":"https:\/\/veriv.eu\/index.php\/2019\/04\/23\/kontakt\/#primaryimage"},"thumbnailUrl":"https:\/\/veriv.eu\/wp-content\/uploads\/2019\/04\/Kontakt-Veriv-Pokrzywko-1-scaled.jpg","datePublished":"2019-04-22T23:33:02+00:00","dateModified":"2021-07-15T12:36:05+00:00","author":{"@id":"https:\/\/veriv.eu\/#\/schema\/person\/423552a3509eca4d7f912a129e38485e"},"breadcrumb":{"@id":"https:\/\/veriv.eu\/index.php\/2019\/04\/23\/kontakt\/#breadcrumb"},"inLanguage":"pl-PL","potentialAction":[{"@type":"ReadAction","target":["https:\/\/veriv.eu\/index.php\/2019\/04\/23\/kontakt\/"]}]},{"@type":"ImageObject","inLanguage":"pl-PL","@id":"https:\/\/veriv.eu\/index.php\/2019\/04\/23\/kontakt\/#primaryimage","url":"https:\/\/veriv.eu\/wp-content\/uploads\/2019\/04\/Kontakt-Veriv-Pokrzywko-1-scaled.jpg","contentUrl":"https:\/\/veriv.eu\/wp-content\/uploads\/2019\/04\/Kontakt-Veriv-Pokrzywko-1-scaled.jpg","width":2560,"height":1714},{"@type":"BreadcrumbList","@id":"https:\/\/veriv.eu\/index.php\/2019\/04\/23\/kontakt\/#breadcrumb","itemListElement":[{"@type":"ListItem","position":1,"name":"Strona g\u0142\u00f3wna","item":"https:\/\/veriv.eu\/"},{"@type":"ListItem","position":2,"name":"Kontakt"}]},{"@type":"WebSite","@id":"https:\/\/veriv.eu\/#website","url":"https:\/\/veriv.eu\/","name":"Kancelaria Prawna \/ Adwokat, Radca Prawny, Detektyw","description":"Kancelaria Veriv","potentialAction":[{"@type":"SearchAction","target":{"@type":"EntryPoint","urlTemplate":"https:\/\/veriv.eu\/?s={search_term_string}"},"query-input":{"@type":"PropertyValueSpecification","valueRequired":true,"valueName":"search_term_string"}}],"inLanguage":"pl-PL"},{"@type":"Person","@id":"https:\/\/veriv.eu\/#\/schema\/person\/423552a3509eca4d7f912a129e38485e","name":"VERIV","image":{"@type":"ImageObject","inLanguage":"pl-PL","@id":"https:\/\/veriv.eu\/#\/schema\/person\/image\/","url":"https:\/\/secure.gravatar.com\/avatar\/fd09232202d88df8c7e56af87438fa2e?s=96&d=mm&r=g","contentUrl":"https:\/\/secure.gravatar.com\/avatar\/fd09232202d88df8c7e56af87438fa2e?s=96&d=mm&r=g","caption":"VERIV"},"sameAs":["https:\/\/veriv.eu","https:\/\/www.facebook.com\/veriv.s.a\/","https:\/\/www.youtube.com\/results?search_query=jm+network+television"],"url":"https:\/\/veriv.eu\/index.php\/author\/admin\/"}]}},"_links":{"self":[{"href":"https:\/\/veriv.eu\/index.php\/wp-json\/wp\/v2\/posts\/134417","targetHints":{"allow":["GET"]}}],"collection":[{"href":"https:\/\/veriv.eu\/index.php\/wp-json\/wp\/v2\/posts"}],"about":[{"href":"https:\/\/veriv.eu\/index.php\/wp-json\/wp\/v2\/types\/post"}],"author":[{"embeddable":true,"href":"https:\/\/veriv.eu\/index.php\/wp-json\/wp\/v2\/users\/1"}],"replies":[{"embeddable":true,"href":"https:\/\/veriv.eu\/index.php\/wp-json\/wp\/v2\/comments?post=134417"}],"version-history":[{"count":0,"href":"https:\/\/veriv.eu\/index.php\/wp-json\/wp\/v2\/posts\/134417\/revisions"}],"wp:featuredmedia":[{"embeddable":true,"href":"https:\/\/veriv.eu\/index.php\/wp-json\/wp\/v2\/media\/134218"}],"wp:attachment":[{"href":"https:\/\/veriv.eu\/index.php\/wp-json\/wp\/v2\/media?parent=134417"}],"wp:term":[{"taxonomy":"category","embeddable":true,"href":"https:\/\/veriv.eu\/index.php\/wp-json\/wp\/v2\/categories?post=134417"},{"taxonomy":"post_tag","embeddable":true,"href":"https:\/\/veriv.eu\/index.php\/wp-json\/wp\/v2\/tags?post=134417"}],"curies":[{"name":"wp","href":"https:\/\/api.w.org\/{rel}","templated":true}]}}