{"id":134400,"date":"2019-04-23T00:47:02","date_gmt":"2019-04-22T22:47:02","guid":{"rendered":"http:\/\/veriv.pokrzywko.com\/?p=134400"},"modified":"2021-07-12T09:40:47","modified_gmt":"2021-07-12T07:40:47","slug":"prawo-nieruchomosci","status":"publish","type":"post","link":"https:\/\/veriv.eu\/index.php\/2019\/04\/23\/prawo-nieruchomosci\/","title":{"rendered":"Prawo Nieruchomo\u015bci"},"content":{"rendered":"<div class=\"ui--blog-header\">\n<h3 class=\"ui--blog-title entry-title clearfix\" style=\"text-align: justify;\"><strong><span class=\"ui--blog-link\">Prawo nieruchomo\u015bci<\/span><\/strong><\/h3>\n<p style=\"text-align: justify;\">Jedn\u0105 z konsekwencji wynikaj\u0105cych z Ustawy o Ksi\u0119dze Wieczystej i Hipotece jest prawo nieruchomo\u015bci. Kancelaria Veriv to zesp\u00f3\u0142 do\u015bwiadczonych prawnik\u00f3w, kt\u00f3rzy zajmuj\u0105 si\u0119 wieloma sprawami zwi\u0105zanymi z nieruchomo\u015bciami. Pomagamy skonstruowa\u0107 wszelkiego rodzaju umowy najmu, dzier\u017cawy lub sprzeda\u017cy.<\/p>\n<p style=\"text-align: justify;\">Sprawdzamy je r\u00f3wnie\u017c pod k\u0105tem poprawno\u015bci. Jedn\u0105 z czynno\u015bci wykonywanych przez nas jest analiza prawna nieruchomo\u015bci. Pozwala ona dok\u0142adnie prze\u015bwietli\u0107 dowolny obiekt. Dzi\u0119ki temu uzyskujemy dla naszego klienta informacje o ewentualnym zad\u0142u\u017ceniu. Nale\u017cy r\u00f3wnie\u017c zbada\u0107 ksi\u0119g\u0119 wieczyst\u0105 nieruchomo\u015bci w celu okre\u015bleniu tytu\u0142u prawnego do nieruchomo\u015bci.<\/p>\n<p style=\"text-align: justify;\">Analiza prawna nieruchomo\u015bci to r\u00f3wnie\u017c sprawdzenie akt\u00f3w prawnych i ksi\u0119gi wieczystej pod k\u0105tem praw obci\u0105\u017caj\u0105cych lub nabywanych razem z kupowanym obiektem. Obci\u0105\u017cenia hipoteczne \u2013 ich ustawianie lub zdejmowanie, b\u0105d\u017a zak\u0142adanie ksi\u0105g wieczystych to r\u00f3wnie\u017c wa\u017cne aspekty, jakie obejmuje prawo nieruchomo\u015bci. Kancelaria Veriv to godni zaufania specjali\u015bci.<\/p>\n<\/div>\n<div class=\"ui--blog-content\">\n<ul>\n<li style=\"text-align: justify;\">umowy najmu, u\u017cyczenia, dzier\u017cawy, sprzeda\u017cy, darowizny, o roboty budowlane, przenoszenie prawa w\u0142asno\u015bci, prawa u\u017cytkowania wieczystego<\/li>\n<li style=\"text-align: justify;\">analiza prawna nieruchomo\u015bci, due diligence<\/li>\n<li style=\"text-align: justify;\">ustanawianie i znoszenie obci\u0105\u017ce\u0144 nieruchomo\u015bci np. hipotek<\/li>\n<li style=\"text-align: justify;\">reprezentacja przed s\u0105dami, organami administracji, organami nadzoru budowlanego<\/li>\n<li style=\"text-align: justify;\">zak\u0142adanie oraz zmiany w ksi\u0119gach wieczystych<\/li>\n<\/ul>\n<\/div>\n","protected":false},"excerpt":{"rendered":"<p>Prawo nieruchomo\u015bci Jedn\u0105 z konsekwencji wynikaj\u0105cych z Ustawy o Ksi\u0119dze Wieczystej i Hipotece jest prawo nieruchomo\u015bci. Kancelaria Veriv to zesp\u00f3\u0142 do\u015bwiadczonych prawnik\u00f3w, kt\u00f3rzy zajmuj\u0105 si\u0119 wieloma sprawami zwi\u0105zanymi z nieruchomo\u015bciami. Pomagamy skonstruowa\u0107 wszelkiego rodzaju umowy najmu, dzier\u017cawy lub sprzeda\u017cy. Sprawdzamy je r\u00f3wnie\u017c pod k\u0105tem poprawno\u015bci. Jedn\u0105 z czynno\u015bci wykonywanych przez nas jest analiza prawna nieruchomo\u015bci. [&hellip;]<\/p>\n","protected":false},"author":1,"featured_media":134231,"comment_status":"closed","ping_status":"open","sticky":false,"template":"","format":"standard","meta":{"footnotes":""},"categories":[28,38],"tags":[],"class_list":["post-134400","post","type-post","status-publish","format-standard","has-post-thumbnail","hentry","category-kancelaria-prawna-i-detektywistyczna","category-kancelaria-prawna-pokrzywko"],"yoast_head":"<!-- This site is optimized with the Yoast SEO plugin v23.4 - https:\/\/yoast.com\/wordpress\/plugins\/seo\/ -->\n<title>Prawo Nieruchomo\u015bci - Kancelaria Prawna \/ Adwokat, Radca Prawny, Detektyw<\/title>\n<meta name=\"robots\" content=\"index, follow, max-snippet:-1, max-image-preview:large, max-video-preview:-1\" \/>\n<link rel=\"canonical\" href=\"https:\/\/veriv.eu\/index.php\/2019\/04\/23\/prawo-nieruchomosci\/\" \/>\n<meta property=\"og:locale\" content=\"pl_PL\" \/>\n<meta property=\"og:type\" content=\"article\" \/>\n<meta property=\"og:title\" content=\"Prawo Nieruchomo\u015bci - Kancelaria Prawna \/ Adwokat, Radca Prawny, Detektyw\" \/>\n<meta property=\"og:description\" content=\"Prawo nieruchomo\u015bci Jedn\u0105 z konsekwencji wynikaj\u0105cych z Ustawy o Ksi\u0119dze Wieczystej i Hipotece jest prawo nieruchomo\u015bci. Kancelaria Veriv to zesp\u00f3\u0142 do\u015bwiadczonych prawnik\u00f3w, kt\u00f3rzy zajmuj\u0105 si\u0119 wieloma sprawami zwi\u0105zanymi z nieruchomo\u015bciami. Pomagamy skonstruowa\u0107 wszelkiego rodzaju umowy najmu, dzier\u017cawy lub sprzeda\u017cy. Sprawdzamy je r\u00f3wnie\u017c pod k\u0105tem poprawno\u015bci. Jedn\u0105 z czynno\u015bci wykonywanych przez nas jest analiza prawna nieruchomo\u015bci. [&hellip;]\" \/>\n<meta property=\"og:url\" content=\"https:\/\/veriv.eu\/index.php\/2019\/04\/23\/prawo-nieruchomosci\/\" \/>\n<meta property=\"og:site_name\" content=\"Kancelaria Prawna \/ Adwokat, Radca Prawny, Detektyw\" \/>\n<meta property=\"article:author\" content=\"https:\/\/www.facebook.com\/veriv.s.a\/\" \/>\n<meta property=\"article:published_time\" content=\"2019-04-22T22:47:02+00:00\" \/>\n<meta property=\"article:modified_time\" content=\"2021-07-12T07:40:47+00:00\" \/>\n<meta property=\"og:image\" content=\"https:\/\/veriv.eu\/wp-content\/uploads\/2019\/04\/Prawo-Nieruchomosci.jpg\" \/>\n\t<meta property=\"og:image:width\" content=\"1000\" \/>\n\t<meta property=\"og:image:height\" content=\"665\" \/>\n\t<meta property=\"og:image:type\" content=\"image\/jpeg\" \/>\n<meta name=\"author\" content=\"VERIV\" \/>\n<meta name=\"twitter:card\" content=\"summary_large_image\" \/>\n<meta name=\"twitter:label1\" content=\"Napisane przez\" \/>\n\t<meta name=\"twitter:data1\" content=\"VERIV\" \/>\n\t<meta name=\"twitter:label2\" content=\"Szacowany czas czytania\" \/>\n\t<meta name=\"twitter:data2\" content=\"1 minuta\" \/>\n<script type=\"application\/ld+json\" class=\"yoast-schema-graph\">{\"@context\":\"https:\/\/schema.org\",\"@graph\":[{\"@type\":\"WebPage\",\"@id\":\"https:\/\/veriv.eu\/index.php\/2019\/04\/23\/prawo-nieruchomosci\/\",\"url\":\"https:\/\/veriv.eu\/index.php\/2019\/04\/23\/prawo-nieruchomosci\/\",\"name\":\"Prawo Nieruchomo\u015bci - Kancelaria Prawna \/ Adwokat, Radca Prawny, Detektyw\",\"isPartOf\":{\"@id\":\"https:\/\/veriv.eu\/#website\"},\"primaryImageOfPage\":{\"@id\":\"https:\/\/veriv.eu\/index.php\/2019\/04\/23\/prawo-nieruchomosci\/#primaryimage\"},\"image\":{\"@id\":\"https:\/\/veriv.eu\/index.php\/2019\/04\/23\/prawo-nieruchomosci\/#primaryimage\"},\"thumbnailUrl\":\"https:\/\/veriv.eu\/wp-content\/uploads\/2019\/04\/Prawo-Nieruchomosci.jpg\",\"datePublished\":\"2019-04-22T22:47:02+00:00\",\"dateModified\":\"2021-07-12T07:40:47+00:00\",\"author\":{\"@id\":\"https:\/\/veriv.eu\/#\/schema\/person\/423552a3509eca4d7f912a129e38485e\"},\"breadcrumb\":{\"@id\":\"https:\/\/veriv.eu\/index.php\/2019\/04\/23\/prawo-nieruchomosci\/#breadcrumb\"},\"inLanguage\":\"pl-PL\",\"potentialAction\":[{\"@type\":\"ReadAction\",\"target\":[\"https:\/\/veriv.eu\/index.php\/2019\/04\/23\/prawo-nieruchomosci\/\"]}]},{\"@type\":\"ImageObject\",\"inLanguage\":\"pl-PL\",\"@id\":\"https:\/\/veriv.eu\/index.php\/2019\/04\/23\/prawo-nieruchomosci\/#primaryimage\",\"url\":\"https:\/\/veriv.eu\/wp-content\/uploads\/2019\/04\/Prawo-Nieruchomosci.jpg\",\"contentUrl\":\"https:\/\/veriv.eu\/wp-content\/uploads\/2019\/04\/Prawo-Nieruchomosci.jpg\",\"width\":1000,\"height\":665},{\"@type\":\"BreadcrumbList\",\"@id\":\"https:\/\/veriv.eu\/index.php\/2019\/04\/23\/prawo-nieruchomosci\/#breadcrumb\",\"itemListElement\":[{\"@type\":\"ListItem\",\"position\":1,\"name\":\"Strona g\u0142\u00f3wna\",\"item\":\"https:\/\/veriv.eu\/\"},{\"@type\":\"ListItem\",\"position\":2,\"name\":\"Prawo Nieruchomo\u015bci\"}]},{\"@type\":\"WebSite\",\"@id\":\"https:\/\/veriv.eu\/#website\",\"url\":\"https:\/\/veriv.eu\/\",\"name\":\"Kancelaria Prawna \/ Adwokat, Radca Prawny, Detektyw\",\"description\":\"Kancelaria Veriv\",\"potentialAction\":[{\"@type\":\"SearchAction\",\"target\":{\"@type\":\"EntryPoint\",\"urlTemplate\":\"https:\/\/veriv.eu\/?s={search_term_string}\"},\"query-input\":{\"@type\":\"PropertyValueSpecification\",\"valueRequired\":true,\"valueName\":\"search_term_string\"}}],\"inLanguage\":\"pl-PL\"},{\"@type\":\"Person\",\"@id\":\"https:\/\/veriv.eu\/#\/schema\/person\/423552a3509eca4d7f912a129e38485e\",\"name\":\"VERIV\",\"image\":{\"@type\":\"ImageObject\",\"inLanguage\":\"pl-PL\",\"@id\":\"https:\/\/veriv.eu\/#\/schema\/person\/image\/\",\"url\":\"https:\/\/secure.gravatar.com\/avatar\/fd09232202d88df8c7e56af87438fa2e?s=96&d=mm&r=g\",\"contentUrl\":\"https:\/\/secure.gravatar.com\/avatar\/fd09232202d88df8c7e56af87438fa2e?s=96&d=mm&r=g\",\"caption\":\"VERIV\"},\"sameAs\":[\"https:\/\/veriv.eu\",\"https:\/\/www.facebook.com\/veriv.s.a\/\",\"https:\/\/www.youtube.com\/results?search_query=jm+network+television\"],\"url\":\"https:\/\/veriv.eu\/index.php\/author\/admin\/\"}]}<\/script>\n<!-- \/ Yoast SEO plugin. -->","yoast_head_json":{"title":"Prawo Nieruchomo\u015bci - Kancelaria Prawna \/ Adwokat, Radca Prawny, Detektyw","robots":{"index":"index","follow":"follow","max-snippet":"max-snippet:-1","max-image-preview":"max-image-preview:large","max-video-preview":"max-video-preview:-1"},"canonical":"https:\/\/veriv.eu\/index.php\/2019\/04\/23\/prawo-nieruchomosci\/","og_locale":"pl_PL","og_type":"article","og_title":"Prawo Nieruchomo\u015bci - Kancelaria Prawna \/ Adwokat, Radca Prawny, Detektyw","og_description":"Prawo nieruchomo\u015bci Jedn\u0105 z konsekwencji wynikaj\u0105cych z Ustawy o Ksi\u0119dze Wieczystej i Hipotece jest prawo nieruchomo\u015bci. Kancelaria Veriv to zesp\u00f3\u0142 do\u015bwiadczonych prawnik\u00f3w, kt\u00f3rzy zajmuj\u0105 si\u0119 wieloma sprawami zwi\u0105zanymi z nieruchomo\u015bciami. Pomagamy skonstruowa\u0107 wszelkiego rodzaju umowy najmu, dzier\u017cawy lub sprzeda\u017cy. Sprawdzamy je r\u00f3wnie\u017c pod k\u0105tem poprawno\u015bci. Jedn\u0105 z czynno\u015bci wykonywanych przez nas jest analiza prawna nieruchomo\u015bci. [&hellip;]","og_url":"https:\/\/veriv.eu\/index.php\/2019\/04\/23\/prawo-nieruchomosci\/","og_site_name":"Kancelaria Prawna \/ Adwokat, Radca Prawny, Detektyw","article_author":"https:\/\/www.facebook.com\/veriv.s.a\/","article_published_time":"2019-04-22T22:47:02+00:00","article_modified_time":"2021-07-12T07:40:47+00:00","og_image":[{"width":1000,"height":665,"url":"https:\/\/veriv.eu\/wp-content\/uploads\/2019\/04\/Prawo-Nieruchomosci.jpg","type":"image\/jpeg"}],"author":"VERIV","twitter_card":"summary_large_image","twitter_misc":{"Napisane przez":"VERIV","Szacowany czas czytania":"1 minuta"},"schema":{"@context":"https:\/\/schema.org","@graph":[{"@type":"WebPage","@id":"https:\/\/veriv.eu\/index.php\/2019\/04\/23\/prawo-nieruchomosci\/","url":"https:\/\/veriv.eu\/index.php\/2019\/04\/23\/prawo-nieruchomosci\/","name":"Prawo Nieruchomo\u015bci - Kancelaria Prawna \/ Adwokat, Radca Prawny, Detektyw","isPartOf":{"@id":"https:\/\/veriv.eu\/#website"},"primaryImageOfPage":{"@id":"https:\/\/veriv.eu\/index.php\/2019\/04\/23\/prawo-nieruchomosci\/#primaryimage"},"image":{"@id":"https:\/\/veriv.eu\/index.php\/2019\/04\/23\/prawo-nieruchomosci\/#primaryimage"},"thumbnailUrl":"https:\/\/veriv.eu\/wp-content\/uploads\/2019\/04\/Prawo-Nieruchomosci.jpg","datePublished":"2019-04-22T22:47:02+00:00","dateModified":"2021-07-12T07:40:47+00:00","author":{"@id":"https:\/\/veriv.eu\/#\/schema\/person\/423552a3509eca4d7f912a129e38485e"},"breadcrumb":{"@id":"https:\/\/veriv.eu\/index.php\/2019\/04\/23\/prawo-nieruchomosci\/#breadcrumb"},"inLanguage":"pl-PL","potentialAction":[{"@type":"ReadAction","target":["https:\/\/veriv.eu\/index.php\/2019\/04\/23\/prawo-nieruchomosci\/"]}]},{"@type":"ImageObject","inLanguage":"pl-PL","@id":"https:\/\/veriv.eu\/index.php\/2019\/04\/23\/prawo-nieruchomosci\/#primaryimage","url":"https:\/\/veriv.eu\/wp-content\/uploads\/2019\/04\/Prawo-Nieruchomosci.jpg","contentUrl":"https:\/\/veriv.eu\/wp-content\/uploads\/2019\/04\/Prawo-Nieruchomosci.jpg","width":1000,"height":665},{"@type":"BreadcrumbList","@id":"https:\/\/veriv.eu\/index.php\/2019\/04\/23\/prawo-nieruchomosci\/#breadcrumb","itemListElement":[{"@type":"ListItem","position":1,"name":"Strona g\u0142\u00f3wna","item":"https:\/\/veriv.eu\/"},{"@type":"ListItem","position":2,"name":"Prawo Nieruchomo\u015bci"}]},{"@type":"WebSite","@id":"https:\/\/veriv.eu\/#website","url":"https:\/\/veriv.eu\/","name":"Kancelaria Prawna \/ Adwokat, Radca Prawny, Detektyw","description":"Kancelaria Veriv","potentialAction":[{"@type":"SearchAction","target":{"@type":"EntryPoint","urlTemplate":"https:\/\/veriv.eu\/?s={search_term_string}"},"query-input":{"@type":"PropertyValueSpecification","valueRequired":true,"valueName":"search_term_string"}}],"inLanguage":"pl-PL"},{"@type":"Person","@id":"https:\/\/veriv.eu\/#\/schema\/person\/423552a3509eca4d7f912a129e38485e","name":"VERIV","image":{"@type":"ImageObject","inLanguage":"pl-PL","@id":"https:\/\/veriv.eu\/#\/schema\/person\/image\/","url":"https:\/\/secure.gravatar.com\/avatar\/fd09232202d88df8c7e56af87438fa2e?s=96&d=mm&r=g","contentUrl":"https:\/\/secure.gravatar.com\/avatar\/fd09232202d88df8c7e56af87438fa2e?s=96&d=mm&r=g","caption":"VERIV"},"sameAs":["https:\/\/veriv.eu","https:\/\/www.facebook.com\/veriv.s.a\/","https:\/\/www.youtube.com\/results?search_query=jm+network+television"],"url":"https:\/\/veriv.eu\/index.php\/author\/admin\/"}]}},"_links":{"self":[{"href":"https:\/\/veriv.eu\/index.php\/wp-json\/wp\/v2\/posts\/134400","targetHints":{"allow":["GET"]}}],"collection":[{"href":"https:\/\/veriv.eu\/index.php\/wp-json\/wp\/v2\/posts"}],"about":[{"href":"https:\/\/veriv.eu\/index.php\/wp-json\/wp\/v2\/types\/post"}],"author":[{"embeddable":true,"href":"https:\/\/veriv.eu\/index.php\/wp-json\/wp\/v2\/users\/1"}],"replies":[{"embeddable":true,"href":"https:\/\/veriv.eu\/index.php\/wp-json\/wp\/v2\/comments?post=134400"}],"version-history":[{"count":0,"href":"https:\/\/veriv.eu\/index.php\/wp-json\/wp\/v2\/posts\/134400\/revisions"}],"wp:featuredmedia":[{"embeddable":true,"href":"https:\/\/veriv.eu\/index.php\/wp-json\/wp\/v2\/media\/134231"}],"wp:attachment":[{"href":"https:\/\/veriv.eu\/index.php\/wp-json\/wp\/v2\/media?parent=134400"}],"wp:term":[{"taxonomy":"category","embeddable":true,"href":"https:\/\/veriv.eu\/index.php\/wp-json\/wp\/v2\/categories?post=134400"},{"taxonomy":"post_tag","embeddable":true,"href":"https:\/\/veriv.eu\/index.php\/wp-json\/wp\/v2\/tags?post=134400"}],"curies":[{"name":"wp","href":"https:\/\/api.w.org\/{rel}","templated":true}]}}