{"id":134398,"date":"2019-04-23T00:45:38","date_gmt":"2019-04-22T22:45:38","guid":{"rendered":"http:\/\/veriv.pokrzywko.com\/?p=134398"},"modified":"2021-07-12T09:40:47","modified_gmt":"2021-07-12T07:40:47","slug":"prawo-administracyjne","status":"publish","type":"post","link":"https:\/\/veriv.eu\/index.php\/2019\/04\/23\/prawo-administracyjne\/","title":{"rendered":"Prawo Administracyjne"},"content":{"rendered":"<div class=\"ui--blog-header\">\n<h3 class=\"ui--blog-title entry-title clearfix\" style=\"text-align: justify;\"><strong><span class=\"ui--blog-link\">Prawo administracyjne<\/span><\/strong><\/h3>\n<p style=\"text-align: justify;\">Jedn\u0105 z najwa\u017cniejszych ga\u0142\u0119zi prawa w Polsce jest prawo administracyjne. Kancelaria Veriv zajmuje si\u0119 rozwi\u0105zywanie spornych kwestii i problem\u00f3w dotycz\u0105cych na przyk\u0142ad bezczynno\u015bci organ\u00f3w administracyjnych.<\/p>\n<p style=\"text-align: justify;\">Polega to najpierw na wnoszeniu odpowiednich \u015brodk\u00f3w zaskar\u017cenia (za\u017calenie, odwo\u0142anie, lub wniosek o ponowne rozpatrzenie sprawy przez urz\u0105d). Je\u017celi to nic nie pomaga, spraw\u0119 nale\u017cy skierowa\u0107 do s\u0105du. Bezpo\u015brednio zwi\u0105zana jest z tym mo\u017cliwo\u015b\u0107 zaskar\u017cania decyzji administracyjnych lub uchwa\u0142 samorz\u0105d\u00f3w do s\u0105du \u2013 tam skutecznie reprezentujemy naszych klient\u00f3w, dochodz\u0105c ich praw.<\/p>\n<p style=\"text-align: justify;\">Prowadzone przez nas post\u0119powania przed Samorz\u0105dowymi Kolegiami Odwo\u0142awczymi, b\u0105d\u017a przed r\u00f3\u017cnymi s\u0105dami administracyjnymi to wa\u017cna cz\u0119\u015b\u0107 jednej ze specjalno\u015bci naszego zespo\u0142u, jak\u0105 jest prawo administracyjne. Kancelaria Veriv dba o interes naszych klient\u00f3w dzi\u0119ki dobrze wyszkolonej i wyspecjalizowanej kadrze prawnik\u00f3w. Posiadamy wiedz\u0119 i do\u015bwiadczenie dotycz\u0105ce prowadzenia spraw i post\u0119powa\u0144 przed r\u00f3\u017cnymi organami.<\/p>\n<\/div>\n<div class=\"ui--blog-content\">\n<ul>\n<li style=\"text-align: justify;\">post\u0119powania przed s\u0105dami administracyjnymi oraz Naczelnym S\u0105dem Administracyjnym (NSA)<\/li>\n<li style=\"text-align: justify;\">post\u0119powania przed organami administracji rz\u0105dowej i samorz\u0105dowej<\/li>\n<li style=\"text-align: justify;\">post\u0119powanie przez Samorz\u0105dowymi Kolegiami Odwo\u0142awczymi (SKO)<\/li>\n<li style=\"text-align: justify;\">skargi na bezczynno\u015bci organ\u00f3w administracji publicznej<\/li>\n<li style=\"text-align: justify;\">zaskar\u017cenia decyzji administracyjnych oraz uchwa\u0142 organ\u00f3w jednostek samorz\u0105du terytorialnego<\/li>\n<\/ul>\n<\/div>\n","protected":false},"excerpt":{"rendered":"<p>Prawo administracyjne Jedn\u0105 z najwa\u017cniejszych ga\u0142\u0119zi prawa w Polsce jest prawo administracyjne. Kancelaria Veriv zajmuje si\u0119 rozwi\u0105zywanie spornych kwestii i problem\u00f3w dotycz\u0105cych na przyk\u0142ad bezczynno\u015bci organ\u00f3w administracyjnych. Polega to najpierw na wnoszeniu odpowiednich \u015brodk\u00f3w zaskar\u017cenia (za\u017calenie, odwo\u0142anie, lub wniosek o ponowne rozpatrzenie sprawy przez urz\u0105d). Je\u017celi to nic nie pomaga, spraw\u0119 nale\u017cy skierowa\u0107 do s\u0105du. [&hellip;]<\/p>\n","protected":false},"author":1,"featured_media":134226,"comment_status":"closed","ping_status":"open","sticky":false,"template":"","format":"standard","meta":{"footnotes":""},"categories":[28,38],"tags":[],"class_list":["post-134398","post","type-post","status-publish","format-standard","has-post-thumbnail","hentry","category-kancelaria-prawna-i-detektywistyczna","category-kancelaria-prawna-pokrzywko"],"yoast_head":"<!-- This site is optimized with the Yoast SEO plugin v23.4 - https:\/\/yoast.com\/wordpress\/plugins\/seo\/ -->\n<title>Prawo Administracyjne - Kancelaria Prawna \/ Adwokat, Radca Prawny, Detektyw<\/title>\n<meta name=\"robots\" content=\"index, follow, max-snippet:-1, max-image-preview:large, max-video-preview:-1\" \/>\n<link rel=\"canonical\" href=\"https:\/\/veriv.eu\/index.php\/2019\/04\/23\/prawo-administracyjne\/\" \/>\n<meta property=\"og:locale\" content=\"pl_PL\" \/>\n<meta property=\"og:type\" content=\"article\" \/>\n<meta property=\"og:title\" content=\"Prawo Administracyjne - Kancelaria Prawna \/ Adwokat, Radca Prawny, Detektyw\" \/>\n<meta property=\"og:description\" content=\"Prawo administracyjne Jedn\u0105 z najwa\u017cniejszych ga\u0142\u0119zi prawa w Polsce jest prawo administracyjne. Kancelaria Veriv zajmuje si\u0119 rozwi\u0105zywanie spornych kwestii i problem\u00f3w dotycz\u0105cych na przyk\u0142ad bezczynno\u015bci organ\u00f3w administracyjnych. Polega to najpierw na wnoszeniu odpowiednich \u015brodk\u00f3w zaskar\u017cenia (za\u017calenie, odwo\u0142anie, lub wniosek o ponowne rozpatrzenie sprawy przez urz\u0105d). Je\u017celi to nic nie pomaga, spraw\u0119 nale\u017cy skierowa\u0107 do s\u0105du. [&hellip;]\" \/>\n<meta property=\"og:url\" content=\"https:\/\/veriv.eu\/index.php\/2019\/04\/23\/prawo-administracyjne\/\" \/>\n<meta property=\"og:site_name\" content=\"Kancelaria Prawna \/ Adwokat, Radca Prawny, Detektyw\" \/>\n<meta property=\"article:author\" content=\"https:\/\/www.facebook.com\/veriv.s.a\/\" \/>\n<meta property=\"article:published_time\" content=\"2019-04-22T22:45:38+00:00\" \/>\n<meta property=\"article:modified_time\" content=\"2021-07-12T07:40:47+00:00\" \/>\n<meta property=\"og:image\" content=\"https:\/\/veriv.eu\/wp-content\/uploads\/2019\/04\/Parwo-Administracyjne-1.jpg\" \/>\n\t<meta property=\"og:image:width\" content=\"1024\" \/>\n\t<meta property=\"og:image:height\" content=\"683\" \/>\n\t<meta property=\"og:image:type\" content=\"image\/jpeg\" \/>\n<meta name=\"author\" content=\"VERIV\" \/>\n<meta name=\"twitter:card\" content=\"summary_large_image\" \/>\n<meta name=\"twitter:label1\" content=\"Napisane przez\" \/>\n\t<meta name=\"twitter:data1\" content=\"VERIV\" \/>\n\t<meta name=\"twitter:label2\" content=\"Szacowany czas czytania\" \/>\n\t<meta name=\"twitter:data2\" content=\"1 minuta\" \/>\n<script type=\"application\/ld+json\" class=\"yoast-schema-graph\">{\"@context\":\"https:\/\/schema.org\",\"@graph\":[{\"@type\":\"WebPage\",\"@id\":\"https:\/\/veriv.eu\/index.php\/2019\/04\/23\/prawo-administracyjne\/\",\"url\":\"https:\/\/veriv.eu\/index.php\/2019\/04\/23\/prawo-administracyjne\/\",\"name\":\"Prawo Administracyjne - Kancelaria Prawna \/ Adwokat, Radca Prawny, Detektyw\",\"isPartOf\":{\"@id\":\"https:\/\/veriv.eu\/#website\"},\"primaryImageOfPage\":{\"@id\":\"https:\/\/veriv.eu\/index.php\/2019\/04\/23\/prawo-administracyjne\/#primaryimage\"},\"image\":{\"@id\":\"https:\/\/veriv.eu\/index.php\/2019\/04\/23\/prawo-administracyjne\/#primaryimage\"},\"thumbnailUrl\":\"https:\/\/veriv.eu\/wp-content\/uploads\/2019\/04\/Parwo-Administracyjne-1.jpg\",\"datePublished\":\"2019-04-22T22:45:38+00:00\",\"dateModified\":\"2021-07-12T07:40:47+00:00\",\"author\":{\"@id\":\"https:\/\/veriv.eu\/#\/schema\/person\/423552a3509eca4d7f912a129e38485e\"},\"breadcrumb\":{\"@id\":\"https:\/\/veriv.eu\/index.php\/2019\/04\/23\/prawo-administracyjne\/#breadcrumb\"},\"inLanguage\":\"pl-PL\",\"potentialAction\":[{\"@type\":\"ReadAction\",\"target\":[\"https:\/\/veriv.eu\/index.php\/2019\/04\/23\/prawo-administracyjne\/\"]}]},{\"@type\":\"ImageObject\",\"inLanguage\":\"pl-PL\",\"@id\":\"https:\/\/veriv.eu\/index.php\/2019\/04\/23\/prawo-administracyjne\/#primaryimage\",\"url\":\"https:\/\/veriv.eu\/wp-content\/uploads\/2019\/04\/Parwo-Administracyjne-1.jpg\",\"contentUrl\":\"https:\/\/veriv.eu\/wp-content\/uploads\/2019\/04\/Parwo-Administracyjne-1.jpg\",\"width\":1024,\"height\":683},{\"@type\":\"BreadcrumbList\",\"@id\":\"https:\/\/veriv.eu\/index.php\/2019\/04\/23\/prawo-administracyjne\/#breadcrumb\",\"itemListElement\":[{\"@type\":\"ListItem\",\"position\":1,\"name\":\"Strona g\u0142\u00f3wna\",\"item\":\"https:\/\/veriv.eu\/\"},{\"@type\":\"ListItem\",\"position\":2,\"name\":\"Prawo Administracyjne\"}]},{\"@type\":\"WebSite\",\"@id\":\"https:\/\/veriv.eu\/#website\",\"url\":\"https:\/\/veriv.eu\/\",\"name\":\"Kancelaria Prawna \/ Adwokat, Radca Prawny, Detektyw\",\"description\":\"Kancelaria Veriv\",\"potentialAction\":[{\"@type\":\"SearchAction\",\"target\":{\"@type\":\"EntryPoint\",\"urlTemplate\":\"https:\/\/veriv.eu\/?s={search_term_string}\"},\"query-input\":{\"@type\":\"PropertyValueSpecification\",\"valueRequired\":true,\"valueName\":\"search_term_string\"}}],\"inLanguage\":\"pl-PL\"},{\"@type\":\"Person\",\"@id\":\"https:\/\/veriv.eu\/#\/schema\/person\/423552a3509eca4d7f912a129e38485e\",\"name\":\"VERIV\",\"image\":{\"@type\":\"ImageObject\",\"inLanguage\":\"pl-PL\",\"@id\":\"https:\/\/veriv.eu\/#\/schema\/person\/image\/\",\"url\":\"https:\/\/secure.gravatar.com\/avatar\/fd09232202d88df8c7e56af87438fa2e?s=96&d=mm&r=g\",\"contentUrl\":\"https:\/\/secure.gravatar.com\/avatar\/fd09232202d88df8c7e56af87438fa2e?s=96&d=mm&r=g\",\"caption\":\"VERIV\"},\"sameAs\":[\"https:\/\/veriv.eu\",\"https:\/\/www.facebook.com\/veriv.s.a\/\",\"https:\/\/www.youtube.com\/results?search_query=jm+network+television\"],\"url\":\"https:\/\/veriv.eu\/index.php\/author\/admin\/\"}]}<\/script>\n<!-- \/ Yoast SEO plugin. -->","yoast_head_json":{"title":"Prawo Administracyjne - Kancelaria Prawna \/ Adwokat, Radca Prawny, Detektyw","robots":{"index":"index","follow":"follow","max-snippet":"max-snippet:-1","max-image-preview":"max-image-preview:large","max-video-preview":"max-video-preview:-1"},"canonical":"https:\/\/veriv.eu\/index.php\/2019\/04\/23\/prawo-administracyjne\/","og_locale":"pl_PL","og_type":"article","og_title":"Prawo Administracyjne - Kancelaria Prawna \/ Adwokat, Radca Prawny, Detektyw","og_description":"Prawo administracyjne Jedn\u0105 z najwa\u017cniejszych ga\u0142\u0119zi prawa w Polsce jest prawo administracyjne. Kancelaria Veriv zajmuje si\u0119 rozwi\u0105zywanie spornych kwestii i problem\u00f3w dotycz\u0105cych na przyk\u0142ad bezczynno\u015bci organ\u00f3w administracyjnych. Polega to najpierw na wnoszeniu odpowiednich \u015brodk\u00f3w zaskar\u017cenia (za\u017calenie, odwo\u0142anie, lub wniosek o ponowne rozpatrzenie sprawy przez urz\u0105d). Je\u017celi to nic nie pomaga, spraw\u0119 nale\u017cy skierowa\u0107 do s\u0105du. [&hellip;]","og_url":"https:\/\/veriv.eu\/index.php\/2019\/04\/23\/prawo-administracyjne\/","og_site_name":"Kancelaria Prawna \/ Adwokat, Radca Prawny, Detektyw","article_author":"https:\/\/www.facebook.com\/veriv.s.a\/","article_published_time":"2019-04-22T22:45:38+00:00","article_modified_time":"2021-07-12T07:40:47+00:00","og_image":[{"width":1024,"height":683,"url":"https:\/\/veriv.eu\/wp-content\/uploads\/2019\/04\/Parwo-Administracyjne-1.jpg","type":"image\/jpeg"}],"author":"VERIV","twitter_card":"summary_large_image","twitter_misc":{"Napisane przez":"VERIV","Szacowany czas czytania":"1 minuta"},"schema":{"@context":"https:\/\/schema.org","@graph":[{"@type":"WebPage","@id":"https:\/\/veriv.eu\/index.php\/2019\/04\/23\/prawo-administracyjne\/","url":"https:\/\/veriv.eu\/index.php\/2019\/04\/23\/prawo-administracyjne\/","name":"Prawo Administracyjne - Kancelaria Prawna \/ Adwokat, Radca Prawny, Detektyw","isPartOf":{"@id":"https:\/\/veriv.eu\/#website"},"primaryImageOfPage":{"@id":"https:\/\/veriv.eu\/index.php\/2019\/04\/23\/prawo-administracyjne\/#primaryimage"},"image":{"@id":"https:\/\/veriv.eu\/index.php\/2019\/04\/23\/prawo-administracyjne\/#primaryimage"},"thumbnailUrl":"https:\/\/veriv.eu\/wp-content\/uploads\/2019\/04\/Parwo-Administracyjne-1.jpg","datePublished":"2019-04-22T22:45:38+00:00","dateModified":"2021-07-12T07:40:47+00:00","author":{"@id":"https:\/\/veriv.eu\/#\/schema\/person\/423552a3509eca4d7f912a129e38485e"},"breadcrumb":{"@id":"https:\/\/veriv.eu\/index.php\/2019\/04\/23\/prawo-administracyjne\/#breadcrumb"},"inLanguage":"pl-PL","potentialAction":[{"@type":"ReadAction","target":["https:\/\/veriv.eu\/index.php\/2019\/04\/23\/prawo-administracyjne\/"]}]},{"@type":"ImageObject","inLanguage":"pl-PL","@id":"https:\/\/veriv.eu\/index.php\/2019\/04\/23\/prawo-administracyjne\/#primaryimage","url":"https:\/\/veriv.eu\/wp-content\/uploads\/2019\/04\/Parwo-Administracyjne-1.jpg","contentUrl":"https:\/\/veriv.eu\/wp-content\/uploads\/2019\/04\/Parwo-Administracyjne-1.jpg","width":1024,"height":683},{"@type":"BreadcrumbList","@id":"https:\/\/veriv.eu\/index.php\/2019\/04\/23\/prawo-administracyjne\/#breadcrumb","itemListElement":[{"@type":"ListItem","position":1,"name":"Strona g\u0142\u00f3wna","item":"https:\/\/veriv.eu\/"},{"@type":"ListItem","position":2,"name":"Prawo Administracyjne"}]},{"@type":"WebSite","@id":"https:\/\/veriv.eu\/#website","url":"https:\/\/veriv.eu\/","name":"Kancelaria Prawna \/ Adwokat, Radca Prawny, Detektyw","description":"Kancelaria Veriv","potentialAction":[{"@type":"SearchAction","target":{"@type":"EntryPoint","urlTemplate":"https:\/\/veriv.eu\/?s={search_term_string}"},"query-input":{"@type":"PropertyValueSpecification","valueRequired":true,"valueName":"search_term_string"}}],"inLanguage":"pl-PL"},{"@type":"Person","@id":"https:\/\/veriv.eu\/#\/schema\/person\/423552a3509eca4d7f912a129e38485e","name":"VERIV","image":{"@type":"ImageObject","inLanguage":"pl-PL","@id":"https:\/\/veriv.eu\/#\/schema\/person\/image\/","url":"https:\/\/secure.gravatar.com\/avatar\/fd09232202d88df8c7e56af87438fa2e?s=96&d=mm&r=g","contentUrl":"https:\/\/secure.gravatar.com\/avatar\/fd09232202d88df8c7e56af87438fa2e?s=96&d=mm&r=g","caption":"VERIV"},"sameAs":["https:\/\/veriv.eu","https:\/\/www.facebook.com\/veriv.s.a\/","https:\/\/www.youtube.com\/results?search_query=jm+network+television"],"url":"https:\/\/veriv.eu\/index.php\/author\/admin\/"}]}},"_links":{"self":[{"href":"https:\/\/veriv.eu\/index.php\/wp-json\/wp\/v2\/posts\/134398","targetHints":{"allow":["GET"]}}],"collection":[{"href":"https:\/\/veriv.eu\/index.php\/wp-json\/wp\/v2\/posts"}],"about":[{"href":"https:\/\/veriv.eu\/index.php\/wp-json\/wp\/v2\/types\/post"}],"author":[{"embeddable":true,"href":"https:\/\/veriv.eu\/index.php\/wp-json\/wp\/v2\/users\/1"}],"replies":[{"embeddable":true,"href":"https:\/\/veriv.eu\/index.php\/wp-json\/wp\/v2\/comments?post=134398"}],"version-history":[{"count":0,"href":"https:\/\/veriv.eu\/index.php\/wp-json\/wp\/v2\/posts\/134398\/revisions"}],"wp:featuredmedia":[{"embeddable":true,"href":"https:\/\/veriv.eu\/index.php\/wp-json\/wp\/v2\/media\/134226"}],"wp:attachment":[{"href":"https:\/\/veriv.eu\/index.php\/wp-json\/wp\/v2\/media?parent=134398"}],"wp:term":[{"taxonomy":"category","embeddable":true,"href":"https:\/\/veriv.eu\/index.php\/wp-json\/wp\/v2\/categories?post=134398"},{"taxonomy":"post_tag","embeddable":true,"href":"https:\/\/veriv.eu\/index.php\/wp-json\/wp\/v2\/tags?post=134398"}],"curies":[{"name":"wp","href":"https:\/\/api.w.org\/{rel}","templated":true}]}}