{"id":134394,"date":"2019-04-23T00:41:37","date_gmt":"2019-04-22T22:41:37","guid":{"rendered":"http:\/\/veriv.pokrzywko.com\/?p=134394"},"modified":"2021-07-12T09:40:47","modified_gmt":"2021-07-12T07:40:47","slug":"prawo-autorskie-i-pokrewne","status":"publish","type":"post","link":"https:\/\/veriv.eu\/index.php\/2019\/04\/23\/prawo-autorskie-i-pokrewne\/","title":{"rendered":"Prawo Autorskie i Pokrewne"},"content":{"rendered":"<div class=\"ui--blog-header\">\n<p style=\"text-align: justify;\">Jak powszechnie wiadomo, ochrona praw autorskich dzieli si\u0119 na autorskie prawa osobiste oraz autorskie prawa maj\u0105tkowe. Te pierwsze podlegaj\u0105 ochronie bezterminowo, natomiast te drugie trac\u0105 wa\u017cno\u015b\u0107 po up\u0142ywie siedemdziesi\u0119ciu lat od dnia \u015bmierci tw\u00f3rcy. Z kolei w kwestii, jak\u0105 jest przeniesienie autorskich praw maj\u0105tkowych, istnieje szereg obostrze\u0144 prawnych. Nikogo nie trzeba przekonywa\u0107, \u017ce nale\u017cy odpowiednio chroni\u0107 ka\u017cde prawo autorskie. Kancelaria prawna, jak\u0105 jest nasza firma, oferuje Pa\u0144stwu kompleksow\u0105 us\u0142ug\u0119 w zakresie ochrony wy\u017cej wymienionych praw.<\/p>\n<p style=\"text-align: justify;\">Bardzo wa\u017cn\u0105 rzecz\u0105 jest, \u017ce dla zaistnienia ochrony praw autorskich nie trzeba spe\u0142nia\u0107 \u017cadnych wymaga\u0144. W przypadku danego utworu podlega on ochronie od momentu jego ustalenia.<\/p>\n<p style=\"text-align: justify;\">Zaistnienie takiej sytuacji powinno pozwala\u0107 zidentyfikowa\u0107 utw\u00f3r oraz wywrze\u0107 pewne wra\u017cenie artystyczne na odbiorcy. Dane dzie\u0142o nie musi by\u0107 nawet uko\u0144czone, by podlega\u0142o ochronie. Ochrona praw autorskich, na wypadek naruszenia tych praw, przyznaje uprawnionemu podmiotowi szereg roszcze\u0144. Ma to za zadanie zado\u015b\u0107uczyni\u0107 wyrz\u0105dzone szkody. Je\u017celi dosz\u0142o do nadu\u017cycia nic nie stoi na przeszkodzie, by wyegzekwowa\u0107 konkretne prawo autorskie. Kancelaria nasza pomo\u017ce Pa\u0144stwu przej\u015b\u0107 przez ca\u0142\u0105 procedur\u0119 zwi\u0105zan\u0105 z przywr\u00f3ceniem nale\u017cytego stanu prawnego. Natomiast przeniesienie autorskich praw maj\u0105tkowych musi odby\u0107 si\u0119 na mocy prawid\u0142owo sporz\u0105dzonej umowy z okre\u015bleniem przedmiotu umowy, p\u00f3l eksploatacji oraz czasu obowi\u0105zywania umowy. S\u0142u\u017cymy pomoc\u0105 we wszystkich sprawach z tym zwi\u0105zanych.<\/p>\n<\/div>\n<div class=\"ui--blog-content\">\n<ul>\n<li style=\"text-align: justify;\">umowy przeniesienia autorskich prawa maj\u0105tkowych<\/li>\n<li style=\"text-align: justify;\">umowy licencyjne<\/li>\n<li style=\"text-align: justify;\">ochrona praw autorskich<\/li>\n<li style=\"text-align: justify;\">ochrona wizerunku<\/li>\n<li style=\"text-align: justify;\">organizacje zbiorowego zarz\u0105dzania<\/li>\n<\/ul>\n<\/div>\n","protected":false},"excerpt":{"rendered":"<p>Jak powszechnie wiadomo, ochrona praw autorskich dzieli si\u0119 na autorskie prawa osobiste oraz autorskie prawa maj\u0105tkowe. Te pierwsze podlegaj\u0105 ochronie bezterminowo, natomiast te drugie trac\u0105 wa\u017cno\u015b\u0107 po up\u0142ywie siedemdziesi\u0119ciu lat od dnia \u015bmierci tw\u00f3rcy. Z kolei w kwestii, jak\u0105 jest przeniesienie autorskich praw maj\u0105tkowych, istnieje szereg obostrze\u0144 prawnych. Nikogo nie trzeba przekonywa\u0107, \u017ce nale\u017cy odpowiednio [&hellip;]<\/p>\n","protected":false},"author":1,"featured_media":134229,"comment_status":"closed","ping_status":"open","sticky":false,"template":"","format":"standard","meta":{"footnotes":""},"categories":[28,38],"tags":[],"class_list":["post-134394","post","type-post","status-publish","format-standard","has-post-thumbnail","hentry","category-kancelaria-prawna-i-detektywistyczna","category-kancelaria-prawna-pokrzywko"],"yoast_head":"<!-- This site is optimized with the Yoast SEO plugin v23.4 - https:\/\/yoast.com\/wordpress\/plugins\/seo\/ -->\n<title>Prawo Autorskie i Pokrewne - Kancelaria Prawna \/ Adwokat, Radca Prawny, Detektyw<\/title>\n<meta name=\"robots\" content=\"index, follow, max-snippet:-1, max-image-preview:large, max-video-preview:-1\" \/>\n<link rel=\"canonical\" href=\"https:\/\/veriv.eu\/index.php\/2019\/04\/23\/prawo-autorskie-i-pokrewne\/\" \/>\n<meta property=\"og:locale\" content=\"pl_PL\" \/>\n<meta property=\"og:type\" content=\"article\" \/>\n<meta property=\"og:title\" content=\"Prawo Autorskie i Pokrewne - Kancelaria Prawna \/ Adwokat, Radca Prawny, Detektyw\" \/>\n<meta property=\"og:description\" content=\"Jak powszechnie wiadomo, ochrona praw autorskich dzieli si\u0119 na autorskie prawa osobiste oraz autorskie prawa maj\u0105tkowe. Te pierwsze podlegaj\u0105 ochronie bezterminowo, natomiast te drugie trac\u0105 wa\u017cno\u015b\u0107 po up\u0142ywie siedemdziesi\u0119ciu lat od dnia \u015bmierci tw\u00f3rcy. Z kolei w kwestii, jak\u0105 jest przeniesienie autorskich praw maj\u0105tkowych, istnieje szereg obostrze\u0144 prawnych. Nikogo nie trzeba przekonywa\u0107, \u017ce nale\u017cy odpowiednio [&hellip;]\" \/>\n<meta property=\"og:url\" content=\"https:\/\/veriv.eu\/index.php\/2019\/04\/23\/prawo-autorskie-i-pokrewne\/\" \/>\n<meta property=\"og:site_name\" content=\"Kancelaria Prawna \/ Adwokat, Radca Prawny, Detektyw\" \/>\n<meta property=\"article:author\" content=\"https:\/\/www.facebook.com\/veriv.s.a\/\" \/>\n<meta property=\"article:published_time\" content=\"2019-04-22T22:41:37+00:00\" \/>\n<meta property=\"article:modified_time\" content=\"2021-07-12T07:40:47+00:00\" \/>\n<meta property=\"og:image\" content=\"https:\/\/veriv.eu\/wp-content\/uploads\/2019\/04\/Prawa-autorskie-i-pokrewne-1.jpg\" \/>\n\t<meta property=\"og:image:width\" content=\"1024\" \/>\n\t<meta property=\"og:image:height\" content=\"638\" \/>\n\t<meta property=\"og:image:type\" content=\"image\/jpeg\" \/>\n<meta name=\"author\" content=\"VERIV\" \/>\n<meta name=\"twitter:card\" content=\"summary_large_image\" \/>\n<meta name=\"twitter:label1\" content=\"Napisane przez\" \/>\n\t<meta name=\"twitter:data1\" content=\"VERIV\" \/>\n\t<meta name=\"twitter:label2\" content=\"Szacowany czas czytania\" \/>\n\t<meta name=\"twitter:data2\" content=\"1 minuta\" \/>\n<script type=\"application\/ld+json\" class=\"yoast-schema-graph\">{\"@context\":\"https:\/\/schema.org\",\"@graph\":[{\"@type\":\"WebPage\",\"@id\":\"https:\/\/veriv.eu\/index.php\/2019\/04\/23\/prawo-autorskie-i-pokrewne\/\",\"url\":\"https:\/\/veriv.eu\/index.php\/2019\/04\/23\/prawo-autorskie-i-pokrewne\/\",\"name\":\"Prawo Autorskie i Pokrewne - Kancelaria Prawna \/ Adwokat, Radca Prawny, Detektyw\",\"isPartOf\":{\"@id\":\"https:\/\/veriv.eu\/#website\"},\"primaryImageOfPage\":{\"@id\":\"https:\/\/veriv.eu\/index.php\/2019\/04\/23\/prawo-autorskie-i-pokrewne\/#primaryimage\"},\"image\":{\"@id\":\"https:\/\/veriv.eu\/index.php\/2019\/04\/23\/prawo-autorskie-i-pokrewne\/#primaryimage\"},\"thumbnailUrl\":\"https:\/\/veriv.eu\/wp-content\/uploads\/2019\/04\/Prawa-autorskie-i-pokrewne-1.jpg\",\"datePublished\":\"2019-04-22T22:41:37+00:00\",\"dateModified\":\"2021-07-12T07:40:47+00:00\",\"author\":{\"@id\":\"https:\/\/veriv.eu\/#\/schema\/person\/423552a3509eca4d7f912a129e38485e\"},\"breadcrumb\":{\"@id\":\"https:\/\/veriv.eu\/index.php\/2019\/04\/23\/prawo-autorskie-i-pokrewne\/#breadcrumb\"},\"inLanguage\":\"pl-PL\",\"potentialAction\":[{\"@type\":\"ReadAction\",\"target\":[\"https:\/\/veriv.eu\/index.php\/2019\/04\/23\/prawo-autorskie-i-pokrewne\/\"]}]},{\"@type\":\"ImageObject\",\"inLanguage\":\"pl-PL\",\"@id\":\"https:\/\/veriv.eu\/index.php\/2019\/04\/23\/prawo-autorskie-i-pokrewne\/#primaryimage\",\"url\":\"https:\/\/veriv.eu\/wp-content\/uploads\/2019\/04\/Prawa-autorskie-i-pokrewne-1.jpg\",\"contentUrl\":\"https:\/\/veriv.eu\/wp-content\/uploads\/2019\/04\/Prawa-autorskie-i-pokrewne-1.jpg\",\"width\":1024,\"height\":638},{\"@type\":\"BreadcrumbList\",\"@id\":\"https:\/\/veriv.eu\/index.php\/2019\/04\/23\/prawo-autorskie-i-pokrewne\/#breadcrumb\",\"itemListElement\":[{\"@type\":\"ListItem\",\"position\":1,\"name\":\"Strona g\u0142\u00f3wna\",\"item\":\"https:\/\/veriv.eu\/\"},{\"@type\":\"ListItem\",\"position\":2,\"name\":\"Prawo Autorskie i Pokrewne\"}]},{\"@type\":\"WebSite\",\"@id\":\"https:\/\/veriv.eu\/#website\",\"url\":\"https:\/\/veriv.eu\/\",\"name\":\"Kancelaria Prawna \/ Adwokat, Radca Prawny, Detektyw\",\"description\":\"Kancelaria Veriv\",\"potentialAction\":[{\"@type\":\"SearchAction\",\"target\":{\"@type\":\"EntryPoint\",\"urlTemplate\":\"https:\/\/veriv.eu\/?s={search_term_string}\"},\"query-input\":{\"@type\":\"PropertyValueSpecification\",\"valueRequired\":true,\"valueName\":\"search_term_string\"}}],\"inLanguage\":\"pl-PL\"},{\"@type\":\"Person\",\"@id\":\"https:\/\/veriv.eu\/#\/schema\/person\/423552a3509eca4d7f912a129e38485e\",\"name\":\"VERIV\",\"image\":{\"@type\":\"ImageObject\",\"inLanguage\":\"pl-PL\",\"@id\":\"https:\/\/veriv.eu\/#\/schema\/person\/image\/\",\"url\":\"https:\/\/secure.gravatar.com\/avatar\/fd09232202d88df8c7e56af87438fa2e?s=96&d=mm&r=g\",\"contentUrl\":\"https:\/\/secure.gravatar.com\/avatar\/fd09232202d88df8c7e56af87438fa2e?s=96&d=mm&r=g\",\"caption\":\"VERIV\"},\"sameAs\":[\"https:\/\/veriv.eu\",\"https:\/\/www.facebook.com\/veriv.s.a\/\",\"https:\/\/www.youtube.com\/results?search_query=jm+network+television\"],\"url\":\"https:\/\/veriv.eu\/index.php\/author\/admin\/\"}]}<\/script>\n<!-- \/ Yoast SEO plugin. -->","yoast_head_json":{"title":"Prawo Autorskie i Pokrewne - Kancelaria Prawna \/ Adwokat, Radca Prawny, Detektyw","robots":{"index":"index","follow":"follow","max-snippet":"max-snippet:-1","max-image-preview":"max-image-preview:large","max-video-preview":"max-video-preview:-1"},"canonical":"https:\/\/veriv.eu\/index.php\/2019\/04\/23\/prawo-autorskie-i-pokrewne\/","og_locale":"pl_PL","og_type":"article","og_title":"Prawo Autorskie i Pokrewne - Kancelaria Prawna \/ Adwokat, Radca Prawny, Detektyw","og_description":"Jak powszechnie wiadomo, ochrona praw autorskich dzieli si\u0119 na autorskie prawa osobiste oraz autorskie prawa maj\u0105tkowe. Te pierwsze podlegaj\u0105 ochronie bezterminowo, natomiast te drugie trac\u0105 wa\u017cno\u015b\u0107 po up\u0142ywie siedemdziesi\u0119ciu lat od dnia \u015bmierci tw\u00f3rcy. Z kolei w kwestii, jak\u0105 jest przeniesienie autorskich praw maj\u0105tkowych, istnieje szereg obostrze\u0144 prawnych. Nikogo nie trzeba przekonywa\u0107, \u017ce nale\u017cy odpowiednio [&hellip;]","og_url":"https:\/\/veriv.eu\/index.php\/2019\/04\/23\/prawo-autorskie-i-pokrewne\/","og_site_name":"Kancelaria Prawna \/ Adwokat, Radca Prawny, Detektyw","article_author":"https:\/\/www.facebook.com\/veriv.s.a\/","article_published_time":"2019-04-22T22:41:37+00:00","article_modified_time":"2021-07-12T07:40:47+00:00","og_image":[{"width":1024,"height":638,"url":"https:\/\/veriv.eu\/wp-content\/uploads\/2019\/04\/Prawa-autorskie-i-pokrewne-1.jpg","type":"image\/jpeg"}],"author":"VERIV","twitter_card":"summary_large_image","twitter_misc":{"Napisane przez":"VERIV","Szacowany czas czytania":"1 minuta"},"schema":{"@context":"https:\/\/schema.org","@graph":[{"@type":"WebPage","@id":"https:\/\/veriv.eu\/index.php\/2019\/04\/23\/prawo-autorskie-i-pokrewne\/","url":"https:\/\/veriv.eu\/index.php\/2019\/04\/23\/prawo-autorskie-i-pokrewne\/","name":"Prawo Autorskie i Pokrewne - Kancelaria Prawna \/ Adwokat, Radca Prawny, Detektyw","isPartOf":{"@id":"https:\/\/veriv.eu\/#website"},"primaryImageOfPage":{"@id":"https:\/\/veriv.eu\/index.php\/2019\/04\/23\/prawo-autorskie-i-pokrewne\/#primaryimage"},"image":{"@id":"https:\/\/veriv.eu\/index.php\/2019\/04\/23\/prawo-autorskie-i-pokrewne\/#primaryimage"},"thumbnailUrl":"https:\/\/veriv.eu\/wp-content\/uploads\/2019\/04\/Prawa-autorskie-i-pokrewne-1.jpg","datePublished":"2019-04-22T22:41:37+00:00","dateModified":"2021-07-12T07:40:47+00:00","author":{"@id":"https:\/\/veriv.eu\/#\/schema\/person\/423552a3509eca4d7f912a129e38485e"},"breadcrumb":{"@id":"https:\/\/veriv.eu\/index.php\/2019\/04\/23\/prawo-autorskie-i-pokrewne\/#breadcrumb"},"inLanguage":"pl-PL","potentialAction":[{"@type":"ReadAction","target":["https:\/\/veriv.eu\/index.php\/2019\/04\/23\/prawo-autorskie-i-pokrewne\/"]}]},{"@type":"ImageObject","inLanguage":"pl-PL","@id":"https:\/\/veriv.eu\/index.php\/2019\/04\/23\/prawo-autorskie-i-pokrewne\/#primaryimage","url":"https:\/\/veriv.eu\/wp-content\/uploads\/2019\/04\/Prawa-autorskie-i-pokrewne-1.jpg","contentUrl":"https:\/\/veriv.eu\/wp-content\/uploads\/2019\/04\/Prawa-autorskie-i-pokrewne-1.jpg","width":1024,"height":638},{"@type":"BreadcrumbList","@id":"https:\/\/veriv.eu\/index.php\/2019\/04\/23\/prawo-autorskie-i-pokrewne\/#breadcrumb","itemListElement":[{"@type":"ListItem","position":1,"name":"Strona g\u0142\u00f3wna","item":"https:\/\/veriv.eu\/"},{"@type":"ListItem","position":2,"name":"Prawo Autorskie i Pokrewne"}]},{"@type":"WebSite","@id":"https:\/\/veriv.eu\/#website","url":"https:\/\/veriv.eu\/","name":"Kancelaria Prawna \/ Adwokat, Radca Prawny, Detektyw","description":"Kancelaria Veriv","potentialAction":[{"@type":"SearchAction","target":{"@type":"EntryPoint","urlTemplate":"https:\/\/veriv.eu\/?s={search_term_string}"},"query-input":{"@type":"PropertyValueSpecification","valueRequired":true,"valueName":"search_term_string"}}],"inLanguage":"pl-PL"},{"@type":"Person","@id":"https:\/\/veriv.eu\/#\/schema\/person\/423552a3509eca4d7f912a129e38485e","name":"VERIV","image":{"@type":"ImageObject","inLanguage":"pl-PL","@id":"https:\/\/veriv.eu\/#\/schema\/person\/image\/","url":"https:\/\/secure.gravatar.com\/avatar\/fd09232202d88df8c7e56af87438fa2e?s=96&d=mm&r=g","contentUrl":"https:\/\/secure.gravatar.com\/avatar\/fd09232202d88df8c7e56af87438fa2e?s=96&d=mm&r=g","caption":"VERIV"},"sameAs":["https:\/\/veriv.eu","https:\/\/www.facebook.com\/veriv.s.a\/","https:\/\/www.youtube.com\/results?search_query=jm+network+television"],"url":"https:\/\/veriv.eu\/index.php\/author\/admin\/"}]}},"_links":{"self":[{"href":"https:\/\/veriv.eu\/index.php\/wp-json\/wp\/v2\/posts\/134394","targetHints":{"allow":["GET"]}}],"collection":[{"href":"https:\/\/veriv.eu\/index.php\/wp-json\/wp\/v2\/posts"}],"about":[{"href":"https:\/\/veriv.eu\/index.php\/wp-json\/wp\/v2\/types\/post"}],"author":[{"embeddable":true,"href":"https:\/\/veriv.eu\/index.php\/wp-json\/wp\/v2\/users\/1"}],"replies":[{"embeddable":true,"href":"https:\/\/veriv.eu\/index.php\/wp-json\/wp\/v2\/comments?post=134394"}],"version-history":[{"count":0,"href":"https:\/\/veriv.eu\/index.php\/wp-json\/wp\/v2\/posts\/134394\/revisions"}],"wp:featuredmedia":[{"embeddable":true,"href":"https:\/\/veriv.eu\/index.php\/wp-json\/wp\/v2\/media\/134229"}],"wp:attachment":[{"href":"https:\/\/veriv.eu\/index.php\/wp-json\/wp\/v2\/media?parent=134394"}],"wp:term":[{"taxonomy":"category","embeddable":true,"href":"https:\/\/veriv.eu\/index.php\/wp-json\/wp\/v2\/categories?post=134394"},{"taxonomy":"post_tag","embeddable":true,"href":"https:\/\/veriv.eu\/index.php\/wp-json\/wp\/v2\/tags?post=134394"}],"curies":[{"name":"wp","href":"https:\/\/api.w.org\/{rel}","templated":true}]}}