{"id":134392,"date":"2019-04-23T00:39:27","date_gmt":"2019-04-22T22:39:27","guid":{"rendered":"http:\/\/veriv.pokrzywko.com\/?p=134392"},"modified":"2021-07-12T09:40:47","modified_gmt":"2021-07-12T07:40:47","slug":"restrukturyzacja-firm","status":"publish","type":"post","link":"https:\/\/veriv.eu\/index.php\/2019\/04\/23\/restrukturyzacja-firm\/","title":{"rendered":"Restrukturyzacja Firm"},"content":{"rendered":"<h4 style=\"text-align: justify;\"><strong>Restrukturyzacja Firm i Prawo Upad\u0142o\u015bciowe<\/strong><\/h4>\n<p style=\"text-align: justify;\">Restrukturyzacja firmy to proces, kt\u00f3rego g\u0142\u00f3wnym celem jest przeprowadzenie radykalnych zmian w jednym z trzech obszar\u00f3w aktywno\u015bci przedsi\u0119biorstwa: zakres dzia\u0142ania, struktura kapita\u0142owa przedsi\u0119biorstwa i organizacja wewn\u0119trzna. Najwa\u017cniejsze jest, by przedsi\u0119biorstwo, kt\u00f3re przeprowadza restrukturyzacj\u0119, mog\u0142o zyska\u0107 r\u00f3wnowag\u0119 wewn\u0119trzn\u0105 lub zewn\u0119trzn\u0105.<\/p>\n<p style=\"text-align: justify;\">Nasza firma \u015bwiadczy us\u0142ugi w zakresie restrukturyzacji naprawczej, kt\u00f3ra polega na wdro\u017ceniu zmian stabilizuj\u0105cych jego dzia\u0142anie, a tak\u017ce prowadz\u0105cych do osi\u0105gni\u0119cia dodatkowego bilansu. To wielkie wyzwanie zar\u00f3wno dla nas, jak i dla przedsi\u0119biorstwa, kt\u00f3re znajduje si\u0119 w trudnej sytuacji.<\/p>\n<p style=\"text-align: justify;\">Ofert skierowana jest do przedsi\u0119biorstw, kt\u00f3re znajduj\u0105 si\u0119 w z\u0142ej sytuacji finansowej i maj\u0105 trudno\u015bci z bie\u017c\u0105cym regulowaniem zobowi\u0105za\u0144.<\/p>\n<p style=\"text-align: justify;\"><strong>W zakresie naszych us\u0142ug znajduje si\u0119:<\/strong><\/p>\n<ul style=\"text-align: justify;\">\n<li>ca\u0142kowite lub tylko cz\u0119\u015bciowe umorzenie zad\u0142u\u017cenia wzgl\u0119dem Skarbu Pa\u0144stwa i innych rodzaj\u00f3w zobowi\u0105za\u0144,<\/li>\n<li>roz\u0142o\u017cenie na dogodne raty zaleg\u0142o\u015bci z tytu\u0142u sk\u0142adek na ZUS,<\/li>\n<li>zawarcie i wdro\u017cenie ugody z wierzycielami cywilnoprawnymi,<\/li>\n<li>opracowanie kompleksowego i wielokierunkowego planu restrukturyzacyjnego dla firmy,<\/li>\n<li>analiza sytuacji finansowej przedsi\u0119biorstwa, szukanie oszcz\u0119dno\u015bci, zmniejszanie koszt\u00f3w produkcji, realizacja nowych projekt\u00f3w,<\/li>\n<li>wdro\u017cenie niezb\u0119dnych przekszta\u0142ce\u0144 prawnych i organizacyjnych,<\/li>\n<li>znalezienie nowych rynk\u00f3w zbytu dla produktu lub us\u0142ugi.<\/li>\n<\/ul>\n<p style=\"text-align: justify;\">Konieczno\u015b\u0107 przeprowadzenia restrukturyzacji firmy nie musi wynika\u0107 z niegospodarno\u015bci. Nasze wieloletnie do\u015bwiadczenie pokazuje nam, \u017ce niekt\u00f3re przedsi\u0119biorstwa nie radz\u0105 sobie w nowej sytuacji rynkowej. Naszym zadaniem jest nie tylko negocjowanie z wierzycielami, ale r\u00f3wnie\u017c d\u0105\u017cenie do zachowania dobrych praktyk, kt\u00f3re od lat s\u0105 kultywowane w przedsi\u0119biorstwie.<\/p>\n<p style=\"text-align: justify;\">Stosuj\u0105c metody analizy finansowej, a tak\u017ce wiedz\u0119 praktyczn\u0105 i merytoryczn\u0105 naszych ekspert\u00f3w i specjalist\u00f3w, znajdziemy nowe \u017ar\u00f3d\u0142a finansowania, opracujemy skuteczny biznes plan i zredukujemy zb\u0119dne koszty.<\/p>\n","protected":false},"excerpt":{"rendered":"<p>Restrukturyzacja Firm i Prawo Upad\u0142o\u015bciowe Restrukturyzacja firmy to proces, kt\u00f3rego g\u0142\u00f3wnym celem jest przeprowadzenie radykalnych zmian w jednym z trzech obszar\u00f3w aktywno\u015bci przedsi\u0119biorstwa: zakres dzia\u0142ania, struktura kapita\u0142owa przedsi\u0119biorstwa i organizacja wewn\u0119trzna. Najwa\u017cniejsze jest, by przedsi\u0119biorstwo, kt\u00f3re przeprowadza restrukturyzacj\u0119, mog\u0142o zyska\u0107 r\u00f3wnowag\u0119 wewn\u0119trzn\u0105 lub zewn\u0119trzn\u0105. Nasza firma \u015bwiadczy us\u0142ugi w zakresie restrukturyzacji naprawczej, kt\u00f3ra polega na [&hellip;]<\/p>\n","protected":false},"author":1,"featured_media":134236,"comment_status":"closed","ping_status":"open","sticky":false,"template":"","format":"standard","meta":{"footnotes":""},"categories":[28,38],"tags":[],"class_list":["post-134392","post","type-post","status-publish","format-standard","has-post-thumbnail","hentry","category-kancelaria-prawna-i-detektywistyczna","category-kancelaria-prawna-pokrzywko"],"yoast_head":"<!-- This site is optimized with the Yoast SEO plugin v23.4 - https:\/\/yoast.com\/wordpress\/plugins\/seo\/ -->\n<title>Restrukturyzacja Firm - Kancelaria Prawna \/ Adwokat, Radca Prawny, Detektyw<\/title>\n<meta name=\"robots\" content=\"index, follow, max-snippet:-1, max-image-preview:large, max-video-preview:-1\" \/>\n<link rel=\"canonical\" href=\"https:\/\/veriv.eu\/index.php\/2019\/04\/23\/restrukturyzacja-firm\/\" \/>\n<meta property=\"og:locale\" content=\"pl_PL\" \/>\n<meta property=\"og:type\" content=\"article\" \/>\n<meta property=\"og:title\" content=\"Restrukturyzacja Firm - Kancelaria Prawna \/ Adwokat, Radca Prawny, Detektyw\" \/>\n<meta property=\"og:description\" content=\"Restrukturyzacja Firm i Prawo Upad\u0142o\u015bciowe Restrukturyzacja firmy to proces, kt\u00f3rego g\u0142\u00f3wnym celem jest przeprowadzenie radykalnych zmian w jednym z trzech obszar\u00f3w aktywno\u015bci przedsi\u0119biorstwa: zakres dzia\u0142ania, struktura kapita\u0142owa przedsi\u0119biorstwa i organizacja wewn\u0119trzna. Najwa\u017cniejsze jest, by przedsi\u0119biorstwo, kt\u00f3re przeprowadza restrukturyzacj\u0119, mog\u0142o zyska\u0107 r\u00f3wnowag\u0119 wewn\u0119trzn\u0105 lub zewn\u0119trzn\u0105. Nasza firma \u015bwiadczy us\u0142ugi w zakresie restrukturyzacji naprawczej, kt\u00f3ra polega na [&hellip;]\" \/>\n<meta property=\"og:url\" content=\"https:\/\/veriv.eu\/index.php\/2019\/04\/23\/restrukturyzacja-firm\/\" \/>\n<meta property=\"og:site_name\" content=\"Kancelaria Prawna \/ Adwokat, Radca Prawny, Detektyw\" \/>\n<meta property=\"article:author\" content=\"https:\/\/www.facebook.com\/veriv.s.a\/\" \/>\n<meta property=\"article:published_time\" content=\"2019-04-22T22:39:27+00:00\" \/>\n<meta property=\"article:modified_time\" content=\"2021-07-12T07:40:47+00:00\" \/>\n<meta property=\"og:image\" content=\"https:\/\/veriv.eu\/wp-content\/uploads\/2019\/04\/Restrukturyzacja-firm-i-przedsiebiorstw.jpg\" \/>\n\t<meta property=\"og:image:width\" content=\"1000\" \/>\n\t<meta property=\"og:image:height\" content=\"710\" \/>\n\t<meta property=\"og:image:type\" content=\"image\/jpeg\" \/>\n<meta name=\"author\" content=\"VERIV\" \/>\n<meta name=\"twitter:card\" content=\"summary_large_image\" \/>\n<meta name=\"twitter:label1\" content=\"Napisane przez\" \/>\n\t<meta name=\"twitter:data1\" content=\"VERIV\" \/>\n\t<meta name=\"twitter:label2\" content=\"Szacowany czas czytania\" \/>\n\t<meta name=\"twitter:data2\" content=\"2 minuty\" \/>\n<script type=\"application\/ld+json\" class=\"yoast-schema-graph\">{\"@context\":\"https:\/\/schema.org\",\"@graph\":[{\"@type\":\"WebPage\",\"@id\":\"https:\/\/veriv.eu\/index.php\/2019\/04\/23\/restrukturyzacja-firm\/\",\"url\":\"https:\/\/veriv.eu\/index.php\/2019\/04\/23\/restrukturyzacja-firm\/\",\"name\":\"Restrukturyzacja Firm - Kancelaria Prawna \/ Adwokat, Radca Prawny, Detektyw\",\"isPartOf\":{\"@id\":\"https:\/\/veriv.eu\/#website\"},\"primaryImageOfPage\":{\"@id\":\"https:\/\/veriv.eu\/index.php\/2019\/04\/23\/restrukturyzacja-firm\/#primaryimage\"},\"image\":{\"@id\":\"https:\/\/veriv.eu\/index.php\/2019\/04\/23\/restrukturyzacja-firm\/#primaryimage\"},\"thumbnailUrl\":\"https:\/\/veriv.eu\/wp-content\/uploads\/2019\/04\/Restrukturyzacja-firm-i-przedsiebiorstw.jpg\",\"datePublished\":\"2019-04-22T22:39:27+00:00\",\"dateModified\":\"2021-07-12T07:40:47+00:00\",\"author\":{\"@id\":\"https:\/\/veriv.eu\/#\/schema\/person\/423552a3509eca4d7f912a129e38485e\"},\"breadcrumb\":{\"@id\":\"https:\/\/veriv.eu\/index.php\/2019\/04\/23\/restrukturyzacja-firm\/#breadcrumb\"},\"inLanguage\":\"pl-PL\",\"potentialAction\":[{\"@type\":\"ReadAction\",\"target\":[\"https:\/\/veriv.eu\/index.php\/2019\/04\/23\/restrukturyzacja-firm\/\"]}]},{\"@type\":\"ImageObject\",\"inLanguage\":\"pl-PL\",\"@id\":\"https:\/\/veriv.eu\/index.php\/2019\/04\/23\/restrukturyzacja-firm\/#primaryimage\",\"url\":\"https:\/\/veriv.eu\/wp-content\/uploads\/2019\/04\/Restrukturyzacja-firm-i-przedsiebiorstw.jpg\",\"contentUrl\":\"https:\/\/veriv.eu\/wp-content\/uploads\/2019\/04\/Restrukturyzacja-firm-i-przedsiebiorstw.jpg\",\"width\":1000,\"height\":710},{\"@type\":\"BreadcrumbList\",\"@id\":\"https:\/\/veriv.eu\/index.php\/2019\/04\/23\/restrukturyzacja-firm\/#breadcrumb\",\"itemListElement\":[{\"@type\":\"ListItem\",\"position\":1,\"name\":\"Strona g\u0142\u00f3wna\",\"item\":\"https:\/\/veriv.eu\/\"},{\"@type\":\"ListItem\",\"position\":2,\"name\":\"Restrukturyzacja Firm\"}]},{\"@type\":\"WebSite\",\"@id\":\"https:\/\/veriv.eu\/#website\",\"url\":\"https:\/\/veriv.eu\/\",\"name\":\"Kancelaria Prawna \/ Adwokat, Radca Prawny, Detektyw\",\"description\":\"Kancelaria Veriv\",\"potentialAction\":[{\"@type\":\"SearchAction\",\"target\":{\"@type\":\"EntryPoint\",\"urlTemplate\":\"https:\/\/veriv.eu\/?s={search_term_string}\"},\"query-input\":{\"@type\":\"PropertyValueSpecification\",\"valueRequired\":true,\"valueName\":\"search_term_string\"}}],\"inLanguage\":\"pl-PL\"},{\"@type\":\"Person\",\"@id\":\"https:\/\/veriv.eu\/#\/schema\/person\/423552a3509eca4d7f912a129e38485e\",\"name\":\"VERIV\",\"image\":{\"@type\":\"ImageObject\",\"inLanguage\":\"pl-PL\",\"@id\":\"https:\/\/veriv.eu\/#\/schema\/person\/image\/\",\"url\":\"https:\/\/secure.gravatar.com\/avatar\/fd09232202d88df8c7e56af87438fa2e?s=96&d=mm&r=g\",\"contentUrl\":\"https:\/\/secure.gravatar.com\/avatar\/fd09232202d88df8c7e56af87438fa2e?s=96&d=mm&r=g\",\"caption\":\"VERIV\"},\"sameAs\":[\"https:\/\/veriv.eu\",\"https:\/\/www.facebook.com\/veriv.s.a\/\",\"https:\/\/www.youtube.com\/results?search_query=jm+network+television\"],\"url\":\"https:\/\/veriv.eu\/index.php\/author\/admin\/\"}]}<\/script>\n<!-- \/ Yoast SEO plugin. -->","yoast_head_json":{"title":"Restrukturyzacja Firm - Kancelaria Prawna \/ Adwokat, Radca Prawny, Detektyw","robots":{"index":"index","follow":"follow","max-snippet":"max-snippet:-1","max-image-preview":"max-image-preview:large","max-video-preview":"max-video-preview:-1"},"canonical":"https:\/\/veriv.eu\/index.php\/2019\/04\/23\/restrukturyzacja-firm\/","og_locale":"pl_PL","og_type":"article","og_title":"Restrukturyzacja Firm - Kancelaria Prawna \/ Adwokat, Radca Prawny, Detektyw","og_description":"Restrukturyzacja Firm i Prawo Upad\u0142o\u015bciowe Restrukturyzacja firmy to proces, kt\u00f3rego g\u0142\u00f3wnym celem jest przeprowadzenie radykalnych zmian w jednym z trzech obszar\u00f3w aktywno\u015bci przedsi\u0119biorstwa: zakres dzia\u0142ania, struktura kapita\u0142owa przedsi\u0119biorstwa i organizacja wewn\u0119trzna. Najwa\u017cniejsze jest, by przedsi\u0119biorstwo, kt\u00f3re przeprowadza restrukturyzacj\u0119, mog\u0142o zyska\u0107 r\u00f3wnowag\u0119 wewn\u0119trzn\u0105 lub zewn\u0119trzn\u0105. Nasza firma \u015bwiadczy us\u0142ugi w zakresie restrukturyzacji naprawczej, kt\u00f3ra polega na [&hellip;]","og_url":"https:\/\/veriv.eu\/index.php\/2019\/04\/23\/restrukturyzacja-firm\/","og_site_name":"Kancelaria Prawna \/ Adwokat, Radca Prawny, Detektyw","article_author":"https:\/\/www.facebook.com\/veriv.s.a\/","article_published_time":"2019-04-22T22:39:27+00:00","article_modified_time":"2021-07-12T07:40:47+00:00","og_image":[{"width":1000,"height":710,"url":"https:\/\/veriv.eu\/wp-content\/uploads\/2019\/04\/Restrukturyzacja-firm-i-przedsiebiorstw.jpg","type":"image\/jpeg"}],"author":"VERIV","twitter_card":"summary_large_image","twitter_misc":{"Napisane przez":"VERIV","Szacowany czas czytania":"2 minuty"},"schema":{"@context":"https:\/\/schema.org","@graph":[{"@type":"WebPage","@id":"https:\/\/veriv.eu\/index.php\/2019\/04\/23\/restrukturyzacja-firm\/","url":"https:\/\/veriv.eu\/index.php\/2019\/04\/23\/restrukturyzacja-firm\/","name":"Restrukturyzacja Firm - Kancelaria Prawna \/ Adwokat, Radca Prawny, Detektyw","isPartOf":{"@id":"https:\/\/veriv.eu\/#website"},"primaryImageOfPage":{"@id":"https:\/\/veriv.eu\/index.php\/2019\/04\/23\/restrukturyzacja-firm\/#primaryimage"},"image":{"@id":"https:\/\/veriv.eu\/index.php\/2019\/04\/23\/restrukturyzacja-firm\/#primaryimage"},"thumbnailUrl":"https:\/\/veriv.eu\/wp-content\/uploads\/2019\/04\/Restrukturyzacja-firm-i-przedsiebiorstw.jpg","datePublished":"2019-04-22T22:39:27+00:00","dateModified":"2021-07-12T07:40:47+00:00","author":{"@id":"https:\/\/veriv.eu\/#\/schema\/person\/423552a3509eca4d7f912a129e38485e"},"breadcrumb":{"@id":"https:\/\/veriv.eu\/index.php\/2019\/04\/23\/restrukturyzacja-firm\/#breadcrumb"},"inLanguage":"pl-PL","potentialAction":[{"@type":"ReadAction","target":["https:\/\/veriv.eu\/index.php\/2019\/04\/23\/restrukturyzacja-firm\/"]}]},{"@type":"ImageObject","inLanguage":"pl-PL","@id":"https:\/\/veriv.eu\/index.php\/2019\/04\/23\/restrukturyzacja-firm\/#primaryimage","url":"https:\/\/veriv.eu\/wp-content\/uploads\/2019\/04\/Restrukturyzacja-firm-i-przedsiebiorstw.jpg","contentUrl":"https:\/\/veriv.eu\/wp-content\/uploads\/2019\/04\/Restrukturyzacja-firm-i-przedsiebiorstw.jpg","width":1000,"height":710},{"@type":"BreadcrumbList","@id":"https:\/\/veriv.eu\/index.php\/2019\/04\/23\/restrukturyzacja-firm\/#breadcrumb","itemListElement":[{"@type":"ListItem","position":1,"name":"Strona g\u0142\u00f3wna","item":"https:\/\/veriv.eu\/"},{"@type":"ListItem","position":2,"name":"Restrukturyzacja Firm"}]},{"@type":"WebSite","@id":"https:\/\/veriv.eu\/#website","url":"https:\/\/veriv.eu\/","name":"Kancelaria Prawna \/ Adwokat, Radca Prawny, Detektyw","description":"Kancelaria Veriv","potentialAction":[{"@type":"SearchAction","target":{"@type":"EntryPoint","urlTemplate":"https:\/\/veriv.eu\/?s={search_term_string}"},"query-input":{"@type":"PropertyValueSpecification","valueRequired":true,"valueName":"search_term_string"}}],"inLanguage":"pl-PL"},{"@type":"Person","@id":"https:\/\/veriv.eu\/#\/schema\/person\/423552a3509eca4d7f912a129e38485e","name":"VERIV","image":{"@type":"ImageObject","inLanguage":"pl-PL","@id":"https:\/\/veriv.eu\/#\/schema\/person\/image\/","url":"https:\/\/secure.gravatar.com\/avatar\/fd09232202d88df8c7e56af87438fa2e?s=96&d=mm&r=g","contentUrl":"https:\/\/secure.gravatar.com\/avatar\/fd09232202d88df8c7e56af87438fa2e?s=96&d=mm&r=g","caption":"VERIV"},"sameAs":["https:\/\/veriv.eu","https:\/\/www.facebook.com\/veriv.s.a\/","https:\/\/www.youtube.com\/results?search_query=jm+network+television"],"url":"https:\/\/veriv.eu\/index.php\/author\/admin\/"}]}},"_links":{"self":[{"href":"https:\/\/veriv.eu\/index.php\/wp-json\/wp\/v2\/posts\/134392","targetHints":{"allow":["GET"]}}],"collection":[{"href":"https:\/\/veriv.eu\/index.php\/wp-json\/wp\/v2\/posts"}],"about":[{"href":"https:\/\/veriv.eu\/index.php\/wp-json\/wp\/v2\/types\/post"}],"author":[{"embeddable":true,"href":"https:\/\/veriv.eu\/index.php\/wp-json\/wp\/v2\/users\/1"}],"replies":[{"embeddable":true,"href":"https:\/\/veriv.eu\/index.php\/wp-json\/wp\/v2\/comments?post=134392"}],"version-history":[{"count":0,"href":"https:\/\/veriv.eu\/index.php\/wp-json\/wp\/v2\/posts\/134392\/revisions"}],"wp:featuredmedia":[{"embeddable":true,"href":"https:\/\/veriv.eu\/index.php\/wp-json\/wp\/v2\/media\/134236"}],"wp:attachment":[{"href":"https:\/\/veriv.eu\/index.php\/wp-json\/wp\/v2\/media?parent=134392"}],"wp:term":[{"taxonomy":"category","embeddable":true,"href":"https:\/\/veriv.eu\/index.php\/wp-json\/wp\/v2\/categories?post=134392"},{"taxonomy":"post_tag","embeddable":true,"href":"https:\/\/veriv.eu\/index.php\/wp-json\/wp\/v2\/tags?post=134392"}],"curies":[{"name":"wp","href":"https:\/\/api.w.org\/{rel}","templated":true}]}}