{"id":134382,"date":"2019-04-23T00:27:37","date_gmt":"2019-04-22T22:27:37","guid":{"rendered":"http:\/\/veriv.pokrzywko.com\/?p=134382"},"modified":"2021-07-12T09:54:50","modified_gmt":"2021-07-12T07:54:50","slug":"kancelaria-prawna-veriv-s-a","status":"publish","type":"post","link":"https:\/\/veriv.eu\/index.php\/2019\/04\/23\/kancelaria-prawna-veriv-s-a\/","title":{"rendered":"Kancelaria Prawna Veriv S.A."},"content":{"rendered":"<h4 style=\"text-align: justify;\"><strong>KANCELARIA PRAWNA<\/strong><\/h4>\n<p style=\"text-align: justify;\">Formy i zakres pomocy prawnej<\/p>\n<p style=\"text-align: justify;\"><strong>Veriv S.A. \u2013 wiele odpowiedzi w jednym miejscu<\/strong><\/p>\n<p style=\"text-align: justify;\"><strong>Veriv S.A. NIEZAWODNA KANCELARIA GOSPODARCZA<\/strong><\/p>\n<p style=\"text-align: justify;\">Jeste\u015bmy do\u015bwiadczon\u0105 kancelari\u0105 gospodarcz\u0105, kt\u00f3ra oferuje pe\u0142en zakres us\u0142ug doradztwa prawnego:<\/p>\n<ul style=\"text-align: justify;\">\n<li>tworzenie, likwidacje, fuzje, przej\u0119cia, \u0142\u0105czenia, zmiany sp\u00f3\u0142ek,<\/li>\n<li>doradztwo korporacyjne,<\/li>\n<li>prawo handlowe,<\/li>\n<li>prawo cywilne, czyli normy reguluj\u0105ce stosunki mi\u0119dzy podmiotami prawa prywatnego,<\/li>\n<li>ochrona danych osobowych,<\/li>\n<li>prawo autorskie i pokrewne,<\/li>\n<li>prawo pracy,<\/li>\n<li>prawo nieruchomo\u015bci,<\/li>\n<li>prawo administracyjne,<\/li>\n<li>post\u0119powanie s\u0105dowe,<\/li>\n<li>windykacja oraz post\u0119powanie egzekucyjne,<\/li>\n<\/ul>\n<p style=\"text-align: justify;\"><strong>Jak wykonujemy nasze us\u0142ugi?<\/strong><\/p>\n<p style=\"text-align: justify;\">Klient jest dla nas najwa\u017cniejszy, wi\u0119c pracujemy tak, \u017ceby jak najlepiej spe\u0142ni\u0107 Twoje oczekiwania.\u00a0<strong>Us\u0142ugi mo\u017cemy realizowa\u0107:<\/strong><\/p>\n<ul style=\"text-align: justify;\">\n<li>jako form\u0119 porad prawnych udzielanych drog\u0105 telefoniczn\u0105, czyli \u201chot line\u201d, bo s\u0105 szybkimi ustnymi odpowiedziami przez telefon na pilne pytania dzwoni\u0105cego. Porady prawne mog\u0105 by\u0107 realizowane przez po\u015brednictwo poczty elektronicznej lub w czasie spotka\u0144 twarz\u0105 w twarz z przedstawicielami sp\u00f3\u0142ki i\/lub jej kontrahentami.<\/li>\n<li>przez analizy i opinie prawne, wewn\u0119trzne projekty regulacji, projekty um\u00f3w dla transakcji oraz dokumentacji dotycz\u0105cych zagadnie\u0144 prawnych wynikaj\u0105cych z bie\u017c\u0105cej dzia\u0142alno\u015bci Twojej firmy,<\/li>\n<li>bior\u0105c udzia\u0142 w negocjacjach z Twoimi kontrahentami.<\/li>\n<\/ul>\n<p style=\"text-align: justify;\"><strong>Ile to kosztuje?<\/strong><\/p>\n<p style=\"text-align: justify;\">Form\u0119 oraz wysoko\u015b\u0107 wynagrodzenia naszej kancelarii dopasowujemy indywidualnie do klienta przed rozpocz\u0119ciem pracy.<\/p>\n<p style=\"text-align: justify;\">Proponowane przez nas koszty s\u0105 uzale\u017cnione od r\u00f3\u017cnorodnych czynnik\u00f3w, tj. charakter oraz okoliczno\u015bci pracy, czas, kt\u00f3rego potrzebujemy na wykonanie zada\u0144, stopie\u0144 trudno\u015bci, ranga i umiej\u0119tno\u015bci zaanga\u017cowanych specjalist\u00f3w. Do tych czynnik\u00f3w dochodz\u0105 czasem jeszcze inne, ale zawsze informujemy o nich klienta przed przyst\u0105pieniem do wykonywania us\u0142ug.<\/p>\n<p style=\"text-align: justify;\"><strong>W oparciu o nasze do\u015bwiadczenia i owocn\u0105 wsp\u00f3\u0142prac\u0119 z klientami, oferujemy trzy systemy rozlicze\u0144, kt\u00f3re w zale\u017cno\u015bci od Twoich wymaga\u0144 mog\u0105 si\u0119 miesza\u0107 w ramach jednego zlecenia:<\/strong><\/p>\n<ul style=\"text-align: justify;\">\n<li>System godzinowy \u2013 wynagrodzenie obliczane jest w oparciu o stawk\u0119 godzinow\u0105 i stanowi iloczyn godzin potrzebnych na wykonanie us\u0142ug oraz stawki ustalonej wcze\u015bniej z klientem. Na koniec ka\u017cdego miesi\u0105ca przygotowujemy szczeg\u00f3\u0142owy harmonogram czasu pracy i wykonanych zada\u0144.<\/li>\n<li>System rycza\u0142towy \u2013 wynagrodzenie rycza\u0142towe ustalamy z Tob\u0105 wcze\u015bniej dla ka\u017cdego zadania. Je\u015bli wyst\u0119puj\u0105 post\u0119powania s\u0105dowe, ustalamy sta\u0142\u0105 kwot\u0119 wynagrodzenia rycza\u0142towego oraz honorarium za przedstawicielstwo w kolejnych rozprawach. W sk\u0142ad wyceny wchodz\u0105 r\u00f3wnie\u017c pisma procesowe przygotowane w toku post\u0119powania.<\/li>\n<li>System \u201csuccess fee\u201d \u2013 wynagrodzenie ustalamy w oparciu o obni\u017con\u0105 stawk\u0119 godzinow\u0105 lub wynagrodzenie rycza\u0142towe, a dodatkowo ustalamy honorarium za pomy\u015blne rozwi\u0105zanie sprawy.<\/li>\n<\/ul>\n<p style=\"text-align: justify;\"><strong>PRAWA AUTORSKIE I POKREWNE<\/strong><\/p>\n<p style=\"text-align: justify;\">Prawa autorskie i pokrewne \u2013 dbamy o Tw\u00f3j wizerunek<\/p>\n<p style=\"text-align: justify;\">Doradzamy w nast\u0119puj\u0105cych obszarach:<\/p>\n<ul style=\"text-align: justify;\">\n<li>um\u00f3w przeniesienia praw autorskich,<\/li>\n<li>um\u00f3w licencyjnych,<\/li>\n<li>praw maj\u0105tkowych,<\/li>\n<li>ochrony praw autorskich,<\/li>\n<li>zabezpieczenia wizerunku,<\/li>\n<li>organizacji zbiorowego zarz\u0105dzania.<\/li>\n<\/ul>\n<p style=\"text-align: justify;\"><strong>OCHRONA DANYCH OSOBOWYCH<\/strong><\/p>\n<p style=\"text-align: justify;\">Ochrona danych osobowych \u2013 przede wszystkim Twoje bezpiecze\u0144stwo<\/p>\n<p style=\"text-align: justify;\">Specjalizujemy si\u0119 w doradztwie w zakresie:<\/p>\n<ul style=\"text-align: justify;\">\n<li>przetwarzania dokumentacji zwi\u0105zanych z danymi osobowymi,<\/li>\n<li>polityki bezpiecze\u0144stwa,<\/li>\n<li>instrukcji zarz\u0105dzania systemem informatycznym,<\/li>\n<li>wniosk\u00f3w GIODO \u2013 rejestracja zbior\u00f3w danych osobowych, zmiany w zbiorach,<\/li>\n<li>wsparcia prawnego w trakcie kontroli GIODO,<\/li>\n<li>wsparcia prawnego we wdro\u017ceniach dokumentacji,<\/li>\n<li>skarg do s\u0105du administracyjnego,<\/li>\n<li>odwo\u0142a\u0144 i wniosk\u00f3w o ponowne rozpatrzenie sprawy,<\/li>\n<li>audytu prawnego dokument\u00f3w firmowych w zakresie spe\u0142niania wymog\u00f3w ustawy o ochronie danych osobowych.<\/li>\n<\/ul>\n<p style=\"text-align: justify;\"><strong>PRAWO HANDLOWE<\/strong><\/p>\n<p style=\"text-align: justify;\"><strong>Doradztwo prawno \u2013 gospodarcze \u2013 kompleksowo<\/strong><\/p>\n<p style=\"text-align: justify;\">Nasze us\u0142ugi w dziedzinie doradztwa prawno \u2013 gospodarczego obejmuj\u0105:<\/p>\n<ul style=\"text-align: justify;\">\n<li>doradztwo przy tworzeniu lub likwidacji sp\u00f3\u0142ek,<\/li>\n<li>doradztwo w trakcie zmian w sp\u00f3\u0142kach m.in. sprzeda\u017c udzia\u0142\u00f3w, prokura, likwidacja, upad\u0142o\u015b\u0107, po\u0142\u0105czenie, zmiana wysoko\u015bci kapita\u0142u zak\u0142adowego, zmiany w zarz\u0105dzie,<\/li>\n<li>doradztwo przy przekszta\u0142caniu, fuzjach i podzia\u0142ach sp\u00f3\u0142ek,<\/li>\n<li>doradztwo przy przekszta\u0142caniu dzia\u0142alno\u015bci gospodarczej w sp\u00f3\u0142k\u0119 kapita\u0142ow\u0105,<\/li>\n<li>doradztwo prawne przy z\u0142o\u017conych transakcjach handlowych,<\/li>\n<li>obs\u0142uga spraw s\u0105dowych z zakresu prawa handlowego,<\/li>\n<li>obs\u0142uga prawna bie\u017c\u0105cej dzia\u0142alno\u015bci gospodarczej m.in. sporz\u0105dzanie i opiniowanie projekt\u00f3w akt\u00f3w wewn\u0119trznych sp\u00f3\u0142ek,<\/li>\n<li>przygotowywanie dokument\u00f3w sp\u00f3\u0142ki (projekt\u00f3w uchwa\u0142 wsp\u00f3lnik\u00f3w, protoko\u0142\u00f3w zgromadze\u0144 organ\u00f3w sp\u00f3\u0142ki, sprawozda\u0144 zarz\u0105du z dzia\u0142alno\u015bci sp\u00f3\u0142ki, um\u00f3w, regulamin\u00f3w, pozw\u00f3w, pism procesowych itp.).<\/li>\n<\/ul>\n<p style=\"text-align: justify;\"><strong>Restrukturyzacja przedsi\u0119biorstw<\/strong><\/p>\n<p style=\"text-align: justify;\">Kancelaria Prawno-Gospodarcza Veriv w pierwszej kolejno\u015bci wspiera firmy i ich zarz\u0105dy w problemach gospodarczo-ekonomicznych.\u00a0<strong>Zajmujemy si\u0119 r\u00f3wnie\u017c windykacj\u0105.<\/strong>\u00a0Pomo\u017cemy Ci, je\u015bli tylko pozwolisz nam dzia\u0142a\u0107 odpowiednio wcze\u015bniej. Zdecyduj si\u0119 na nasze wsparcie, kiedy jest jeszcze czas.<\/p>\n<h4 style=\"text-align: justify;\"><strong>Zrobimy wszystko co w naszej mocy, \u017ceby uratowa\u0107 Tw\u00f3j biznes !<\/strong><\/h4>\n<p style=\"text-align: justify;\"><strong>Wykonamy restrukturyzacj\u0119 przedsi\u0119biorstwa<\/strong>\u00a0polegaj\u0105c\u0105 na gwa\u0142townych zmianach w pasywach, aktywach, strukturze lub organizacji firmy. Ma to na celu doprowadzenia do wzrostu warto\u015bci przedsi\u0119biorstwa przez transformacj\u0119 naprawcz\u0105.<\/p>\n<p style=\"text-align: justify;\"><strong>Dokonamy restrukturyzacji naprawczej, czyli wykonamy dog\u0142\u0119bn\u0105 analiz\u0119<\/strong>\u00a0i\u00a0<strong>wprowadzimy zmiany stabilizuj\u0105ce funkcjonowanie firmy.<\/strong>\u00a0W perspektywie czasu doprowadzi to do dodatniego bilansu obrot\u00f3w. To najtrudniejszy rodzaj transformacji, ale mamy w nim wieloletnie do\u015bwiadczenie.<\/p>\n<p style=\"text-align: justify;\">Je\u015bli Twoja firma ma k\u0142opoty z bie\u017c\u0105cym regulowaniem zobowi\u0105za\u0144, skorzystaj z naszych us\u0142ug:<\/p>\n<ul style=\"text-align: justify;\">\n<li>Ca\u0142kowitego lub cz\u0119\u015bciowego umorzenia zobowi\u0105za\u0144 publicznoprawnych, np. podatk\u00f3w oraz roz\u0142o\u017cenia na raty zaleg\u0142o\u015bci w p\u0142atno\u015bciach sk\u0142adek ZUS.<\/li>\n<li>Zawarcia i wdro\u017cenia ugody restrukturyzacyjnej z wierzycielami wierzytelno\u015bci cywilnoprawnych.<\/li>\n<li>Przygotowania programu restrukturyzacyjnego przedsi\u0119biorstwa.<\/li>\n<li>Przygotowania kompleksowej strategii negocjacji z wierzycielami.<\/li>\n<li>Analiz\u0119 firmy w celu znalezienia oszcz\u0119dno\u015bci, zminimalizowania koszt\u00f3w funkcjonowania, wdro\u017cenia nowych rozwi\u0105za\u0144, przekszta\u0142ce\u0144 prawno-organizacyjnych, zdobycia nowych rynk\u00f3w zbytu dla Twoich produkt\u00f3w lub us\u0142ug.<\/li>\n<\/ul>\n<p style=\"text-align: justify;\">W ramach\u00a0<strong>planu restrukturyzacji<\/strong>\u00a0nie tylko negocjujemy z wierzycielami, ale r\u00f3wnie\u017c naprawiamy i udoskonalamy spos\u00f3b funkcjonowania Twojej firmy. Cenimy czas i koszty poniesione na dzia\u0142anie przedsi\u0119biorstwa, wi\u0119c staramy si\u0119 je ratowa\u0107 z ka\u017cdej opresji.<\/p>\n<p style=\"text-align: justify;\">Dzi\u0119ki zasadom analizy finansowej, merytorycznej wiedzy popartej wieloletni\u0105 praktyk\u0105 mo\u017cemy pozyska\u0107 dodatkowe \u015brodki na dzia\u0142anie przedsi\u0119biorstwa oraz przygotowa\u0107 biznes plan, kt\u00f3ry zredukuje koszty sta\u0142e. Nasi specjali\u015bci ekonomiczni s\u0105 po to, \u017ceby Twoja marka odzyska\u0142a p\u0142ynno\u015b\u0107 finansow\u0105, a w przysz\u0142o\u015bci ustrzeg\u0142a si\u0119 podobnych k\u0142opot\u00f3w.<\/p>\n<p style=\"text-align: justify;\"><strong>PRAWO CYWILNE<\/strong><\/p>\n<p style=\"text-align: justify;\"><strong>W obszarze prawa cywilnego wykonujemy nast\u0119puj\u0105ce us\u0142ugi:<\/strong><\/p>\n<ul style=\"text-align: justify;\">\n<li>przedstawicielstwo w sporach s\u0105dowych z zakresu prawa cywilnego i gospodarczego,<\/li>\n<li>sporz\u0105dzanie pism procesowych (wezwania do zap\u0142aty, pozew, apelacja, za\u017calenia, sprzeciw od nakazu zap\u0142aty, zarzuty do nakazu zap\u0142aty),<\/li>\n<li>doradztwo przeds\u0105dowe, przy post\u0119powaniu s\u0105dowym zabezpieczaj\u0105cym oraz egzekucyjnym,<\/li>\n<li>roszczenia o naruszenie d\u00f3br osobistych,<\/li>\n<li>roszczenia z tytu\u0142u gwarancji i r\u0119kojmi za wady,<\/li>\n<li>analiz\u0119 prawn\u0105 dokumentacji,<\/li>\n<li>sporz\u0105dzanie um\u00f3w \u2013 przygotowanie, negocjowanie, opiniowanie, rozwi\u0105zywanie, wyk\u0142adnia, renegocjacje m.in. umowy najmu, zlecenia, kupna, na roboty budowlane, o prac\u0119,<\/li>\n<li>doradztwo w zakresie prawa rzeczowego \u2013 w tym prawa dotycz\u0105cego nieruchomo\u015bci oraz zabezpiecze\u0144.<\/li>\n<\/ul>\n<p style=\"text-align: justify;\"><strong>PRAWO PRACY<\/strong><\/p>\n<p style=\"text-align: justify;\"><strong>W kwestii prawa reguluj\u0105cego zale\u017cno\u015bci pracodawcy i pracownika oferujemy doradztwo obejmuj\u0105ce:<\/strong><\/p>\n<ul style=\"text-align: justify;\">\n<li>umowy o prac\u0119, o wsp\u00f3\u0142prac\u0119, cywilnoprawne,<\/li>\n<li>umowy dla cz\u0142onk\u00f3w zarz\u0105du, mened\u017cerskie, o zakazie konkurencji,<\/li>\n<li>regulaminy pracy, regulaminy wynagradzania,<\/li>\n<li>analizy prawne w zakresie spe\u0142niania przez pracodawc\u0119 norm prawa pracy, analizy i projekty dokumentacji pracowniczej,<\/li>\n<li>rozwi\u0105zanie stosunku pracy, rozwi\u0105zywanie spor\u00f3w pracowniczych, w tym reprezentowanie przed s\u0105dami pracy,<\/li>\n<li>dyskryminacj\u0119 w stosunku pracy, molestowanie, mobbing.<\/li>\n<\/ul>\n<p style=\"text-align: justify;\"><strong>PRAWO NIERUCHOMO\u015aCI<\/strong><\/p>\n<p style=\"text-align: justify;\"><strong>W obszarze prawa nieruchomo\u015bci przygotowujemy i wykonujemy:<\/strong><\/p>\n<ul style=\"text-align: justify;\">\n<li>umowy najmu, u\u017cyczenia, dzier\u017cawy, sprzeda\u017cy, darowizny, o roboty budowlane, przenoszenia prawa w\u0142asno\u015bci, prawa u\u017cytkowania wieczystego,<\/li>\n<li>analizy prawne nieruchomo\u015bci, due diligence,<\/li>\n<li>ustanawianie i znoszenie obci\u0105\u017ce\u0144 nieruchomo\u015bci np. hipotek,<\/li>\n<li>reprezentacj\u0119 przed s\u0105dami, organami administracji, organami nadzoru budowlanego,<\/li>\n<li>zak\u0142adanie ksi\u0105g wieczystych i nanoszenie w nich zmian.<\/li>\n<\/ul>\n<p style=\"text-align: justify;\"><strong>PRAWO ADMINISTRACYJNE<\/strong><\/p>\n<p style=\"text-align: justify;\"><strong>Nasze profesjonalne us\u0142ugi w dziedzinie prawa administracyjnego:<\/strong><\/p>\n<ul style=\"text-align: justify;\">\n<li>przedstawicielstwo w post\u0119powaniu przed s\u0105dami administracyjnymi oraz Naczelnym S\u0105dem Administracyjnym (NSA),<\/li>\n<li>przedstawicielstwo w post\u0119powaniu przed organami administracji rz\u0105dowej i samorz\u0105dowej,<\/li>\n<li>przedstawicielstwo w post\u0119powaniu przez Samorz\u0105dowymi Kolegiami Odwo\u0142awczymi (SKO),<\/li>\n<li>przygotowywanie skarg na bezczynno\u015bci organ\u00f3w administracji publicznej,<\/li>\n<li>zaskar\u017canie decyzji administracyjnych oraz uchwa\u0142 organ\u00f3w jednostek samorz\u0105du terytorialnego.<\/li>\n<\/ul>\n<p style=\"text-align: justify;\"><strong>POST\u0118POWANIE EGZEKUCYJNE<\/strong><\/p>\n<p style=\"text-align: justify;\"><strong>Post\u0119powanie egzekucyjne \u2013 dzia\u0142amy wed\u0142ug prawa !<\/strong><\/p>\n<p style=\"text-align: justify;\">Dzi\u0119ki temu, \u017ce swoj\u0105 dzia\u0142alno\u015b\u0107 opieramy o obowi\u0105zuj\u0105ce przepisy prawa jeste\u015bmy tak wiele lat obecn\u0105 na rynku finansowym instytucj\u0105 windykacyjn\u0105<\/p>\n<p style=\"text-align: justify;\"><strong>Specjalizujemy si\u0119 w skutecznym odzyskiwaniu nale\u017cno\u015bci od os\u00f3b fizycznych, sp\u00f3\u0142ek prawa handlowego, sp\u00f3\u0142dzielni, przedsi\u0119biorstw pa\u0144stwowych.<\/strong>\u00a0Nasze us\u0142ugi obejmuj\u0105 prowadzenie spraw udokumentowanych (faktury, weksle, ugody s\u0105dowe, tytu\u0142y wykonawcze itp.).<\/p>\n<p style=\"text-align: justify;\">Nasza oferta jest elastyczna i szeroka, bo zale\u017cy nam na kompleksowej obs\u0142udze. Dlatego indywidualnie przygotowujemy ofert\u0119 i wycen\u0119, co pozwala nam na zastosowanie w pe\u0142ni zoptymalizowanych rozwi\u0105za\u0144.\u00a0<strong>Oferujemy dzia\u0142ania prewencyjne, kt\u00f3re pomagaj\u0105 zapobiega\u0107 powstawaniu d\u0142ug\u00f3w i gromadzeniu si\u0119 zaleg\u0142ych nale\u017cno\u015bci od kontrahent\u00f3w, kt\u00f3re ograniczaj\u0105 funkcjonowanie przedsi\u0119biorstwa<\/strong>. Stosujemy piecz\u0119cie prewencyjne oraz monitoring p\u0142atno\u015bci. To pozwala zdyscyplinowa\u0107 partner\u00f3w do terminowego regulowania p\u0142atno\u015bci, czyli uzyskania p\u0142ynno\u015bci funkcjonowania firmy oraz jej rozwoju.<\/p>\n<p style=\"text-align: justify;\">Piecz\u0119\u0107 prewencyjna informuje kontrahenta, \u017ce nieterminowa p\u0142atno\u015b\u0107 nale\u017cno\u015bci b\u0119dzie mia\u0142a konsekwencje w postaci interwencji ze strony wykwalifikowanych windykator\u00f3w wyst\u0119puj\u0105cych z ramienia Veriv.<\/p>\n<p style=\"text-align: justify;\">W przypadku nale\u017cno\u015bci, kt\u00f3rych czas p\u0142atno\u015bci zosta\u0142 przekroczony, wykonujemy profesjonalne dzia\u0142ania windykacyjne, kt\u00f3re prowadz\u0105 do odzyskania kapita\u0142u oraz przedstawicielstwo w procesowych \u015brodkach dochodzenia zaleg\u0142ych nale\u017cno\u015bci.<\/p>\n<p style=\"text-align: justify;\"><strong>ETAPY POST\u0118POWANIA WINDYKACYJNEGO<\/strong><\/p>\n<p style=\"text-align: justify;\"><strong>Etap I. Post\u0119powanie polubowne<\/strong><\/p>\n<p style=\"text-align: justify;\">Prowadzimy negocjacje oparte o dzia\u0142ania psychologiczne, kt\u00f3re maj\u0105 nak\u0142oni\u0107 d\u0142u\u017cnika do dobrowolnej sp\u0142aty zaleg\u0142ych nale\u017cno\u015bci. Jeste\u015bmy fizycznie obecni przy negocjacjach i trudnych rozmowach z d\u0142u\u017cnikami.<\/p>\n<p style=\"text-align: justify;\"><strong>Etap II. Post\u0119powanie s\u0105dowe<\/strong><\/p>\n<p style=\"text-align: justify;\">Wszystkie czynno\u015bci formalno-prawne s\u0105 przygotowywane i prowadzone przez nasz zesp\u00f3\u0142 prawny. To gwarantuje uzyskanie nakazu zap\u0142aty z klauzul\u0105 wykonalno\u015bci wyroku.<\/p>\n<p style=\"text-align: justify;\"><strong>Etap III. Post\u0119powanie przedegzekucyjne<\/strong><\/p>\n<p style=\"text-align: justify;\">Dodajemy do zaleg\u0142ych nale\u017cno\u015bci warto\u015b\u0107 op\u0142at s\u0105dowych i procesowych, kt\u00f3re ponios\u0142a Twoja firma i ponownie negocjujemy warunki sp\u0142aty. Nast\u0119pnie przekazujemy je do egzekucji komorniczej.<\/p>\n<p style=\"text-align: justify;\"><strong>Etap IV. Post\u0119powanie egzekucyjne<\/strong><\/p>\n<p style=\"text-align: justify;\">Opr\u00f3cz pe\u0142nej kontroli nad czynno\u015bciami formalno-prawnymi, wsp\u00f3\u0142pracujemy z kancelari\u0105 komornicz\u0105, dzi\u0119ki czemu mamy pewno\u015b\u0107 prawid\u0142owego przebiegu samej egzekucji. Ustalamy warto\u015b\u0107 maj\u0105tku d\u0142u\u017cnika, odsetki oraz op\u0142aty zwi\u0105zane z egzekucj\u0105 na ka\u017cdym jej etapie.<\/p>\n<p style=\"text-align: justify;\">Cenimy profesjonalizm oraz kompleksowe rozwi\u0105zania. Dlatego mo\u017cemy skutecznie rozwi\u0105zywa\u0107 sprawy zwi\u0105zane z roszczeniami finansowymi. Przez wieloletni\u0105 obecno\u015b\u0107 na rynku finansowym oraz wysoko wykwalifikowanym pracownikom minimalizujemy zb\u0119dne wydatki i mo\u017cemy dostosowywa\u0107 ofert\u0119 do Twoich potrzeb.<\/p>\n<p style=\"text-align: justify;\">Prowadzimy tylko te sprawy, kt\u00f3re (po przeprowadzeniu dok\u0142adnej analizy) rokuj\u0105 pozytywnie. Nie chcemy traci\u0107 Twojego czasu, wi\u0119c opieramy si\u0119 o rygorystyczny system weryfikacji zlece\u0144. Pokrywamy r\u00f3wnie\u017c koszty rozpoznania. To nas odr\u00f3\u017cnia od innych firm z bran\u017cy.<\/p>\n<p style=\"text-align: justify;\">W ramach dzia\u0142alno\u015bci naszej agencji dodatkowo oferujemy:<\/p>\n<ul style=\"text-align: justify;\">\n<li><strong>windykacje gospodarcze<\/strong>\u00a0na skutek spor\u00f3w w realizacji um\u00f3w pomi\u0119dzy firmami, z bankami i innymi podmiotami,<\/li>\n<li>pomoc osobom poszkodowanym przez banki, urz\u0119dy skarbowe, firmy deweloperskie,<\/li>\n<li>Prowadzenie spraw przeciwko nierzetelnym kancelariom komorniczym,<\/li>\n<li>windykacje karne w sprawach oszustw, wy\u0142udze\u0144, fa\u0142szerstw, podpale\u0144, zab\u00f3jstw \u2013 r\u00f3wnie\u017c, gdy sprawc\u0105 czynu s\u0105 grupy przest\u0119pcze o charakterze zbrojnym,<\/li>\n<li><strong>windykacje mienia<\/strong>\u00a0\u2013 g\u0142\u00f3wnie poleasingowego,<\/li>\n<li>windykacje Skarbu Pa\u0144stwa, gdy wskutek dzia\u0142a\u0144 urz\u0119dnik\u00f3w organ\u00f3w pa\u0144stwowych powstaj\u0105 udokumentowane szkody i straty,<\/li>\n<li>windykacje roszcze\u0144 ubezpieczeniowych i powypadkowych,<\/li>\n<li><strong>us\u0142ugi detektywistyczne<\/strong>\u00a0\u2013 obs\u0142ug\u0119 \u015bledztwa w sprawach gospodarczych, karnych i cywilnych na terenie wi\u0119kszo\u015bci pa\u0144stw Unii Europejskiej,<\/li>\n<li>zabezpieczenie firmy przed szpiegostwem przemys\u0142owym oraz personalnych komputer\u00f3w przed nieautoryzowanym dost\u0119pem,<\/li>\n<li>zarz\u0105dzanie wierzytelno\u015bciami \u2013 od prewencji, zabezpieczania kontrakt\u00f3w, do szybkiej i skutecznej windykacji nale\u017cno\u015bci na warunkach i zasadach wygodnych dla stron umowy.<\/li>\n<\/ul>\n<p style=\"text-align: justify;\"><strong>Zapoznaj si\u0119 z ofert\u0105 Pokrzywko S.K.A i Veriv S.A. Je\u015bli szukasz czego\u015b wi\u0119cej zadzwo\u0144 lub napisz, a postaramy si\u0119 Ci pom\u00f3c.<\/strong><\/p>\n","protected":false},"excerpt":{"rendered":"<p>KANCELARIA PRAWNA Formy i zakres pomocy prawnej Veriv S.A. \u2013 wiele odpowiedzi w jednym miejscu Veriv S.A. NIEZAWODNA KANCELARIA GOSPODARCZA Jeste\u015bmy do\u015bwiadczon\u0105 kancelari\u0105 gospodarcz\u0105, kt\u00f3ra oferuje pe\u0142en zakres us\u0142ug doradztwa prawnego: tworzenie, likwidacje, fuzje, przej\u0119cia, \u0142\u0105czenia, zmiany sp\u00f3\u0142ek, doradztwo korporacyjne, prawo handlowe, prawo cywilne, czyli normy reguluj\u0105ce stosunki mi\u0119dzy podmiotami prawa prywatnego, ochrona danych osobowych, [&hellip;]<\/p>\n","protected":false},"author":1,"featured_media":141997,"comment_status":"closed","ping_status":"open","sticky":false,"template":"","format":"standard","meta":{"footnotes":""},"categories":[28,38],"tags":[],"class_list":["post-134382","post","type-post","status-publish","format-standard","has-post-thumbnail","hentry","category-kancelaria-prawna-i-detektywistyczna","category-kancelaria-prawna-pokrzywko"],"yoast_head":"<!-- This site is optimized with the Yoast SEO plugin v23.4 - https:\/\/yoast.com\/wordpress\/plugins\/seo\/ -->\n<title>Kancelaria Prawna Veriv S.A. - Kancelaria Prawna \/ Adwokat, Radca Prawny, Detektyw<\/title>\n<meta name=\"robots\" content=\"index, follow, max-snippet:-1, max-image-preview:large, max-video-preview:-1\" \/>\n<link rel=\"canonical\" href=\"https:\/\/veriv.eu\/index.php\/2019\/04\/23\/kancelaria-prawna-veriv-s-a\/\" \/>\n<meta property=\"og:locale\" content=\"pl_PL\" \/>\n<meta property=\"og:type\" content=\"article\" \/>\n<meta property=\"og:title\" content=\"Kancelaria Prawna Veriv S.A. - Kancelaria Prawna \/ Adwokat, Radca Prawny, Detektyw\" \/>\n<meta property=\"og:description\" content=\"KANCELARIA PRAWNA Formy i zakres pomocy prawnej Veriv S.A. \u2013 wiele odpowiedzi w jednym miejscu Veriv S.A. NIEZAWODNA KANCELARIA GOSPODARCZA Jeste\u015bmy do\u015bwiadczon\u0105 kancelari\u0105 gospodarcz\u0105, kt\u00f3ra oferuje pe\u0142en zakres us\u0142ug doradztwa prawnego: tworzenie, likwidacje, fuzje, przej\u0119cia, \u0142\u0105czenia, zmiany sp\u00f3\u0142ek, doradztwo korporacyjne, prawo handlowe, prawo cywilne, czyli normy reguluj\u0105ce stosunki mi\u0119dzy podmiotami prawa prywatnego, ochrona danych osobowych, [&hellip;]\" \/>\n<meta property=\"og:url\" content=\"https:\/\/veriv.eu\/index.php\/2019\/04\/23\/kancelaria-prawna-veriv-s-a\/\" \/>\n<meta property=\"og:site_name\" content=\"Kancelaria Prawna \/ Adwokat, Radca Prawny, Detektyw\" \/>\n<meta property=\"article:author\" content=\"https:\/\/www.facebook.com\/veriv.s.a\/\" \/>\n<meta property=\"article:published_time\" content=\"2019-04-22T22:27:37+00:00\" \/>\n<meta property=\"article:modified_time\" content=\"2021-07-12T07:54:50+00:00\" \/>\n<meta property=\"og:image\" content=\"https:\/\/veriv.eu\/wp-content\/uploads\/2019\/04\/unnamed.png\" \/>\n\t<meta property=\"og:image:width\" content=\"1080\" \/>\n\t<meta property=\"og:image:height\" content=\"608\" \/>\n\t<meta property=\"og:image:type\" content=\"image\/png\" \/>\n<meta name=\"author\" content=\"VERIV\" \/>\n<meta name=\"twitter:card\" content=\"summary_large_image\" \/>\n<meta name=\"twitter:label1\" content=\"Napisane przez\" \/>\n\t<meta name=\"twitter:data1\" content=\"VERIV\" \/>\n\t<meta name=\"twitter:label2\" content=\"Szacowany czas czytania\" \/>\n\t<meta name=\"twitter:data2\" content=\"7 minut\" \/>\n<script type=\"application\/ld+json\" class=\"yoast-schema-graph\">{\"@context\":\"https:\/\/schema.org\",\"@graph\":[{\"@type\":\"WebPage\",\"@id\":\"https:\/\/veriv.eu\/index.php\/2019\/04\/23\/kancelaria-prawna-veriv-s-a\/\",\"url\":\"https:\/\/veriv.eu\/index.php\/2019\/04\/23\/kancelaria-prawna-veriv-s-a\/\",\"name\":\"Kancelaria Prawna Veriv S.A. - Kancelaria Prawna \/ Adwokat, Radca Prawny, Detektyw\",\"isPartOf\":{\"@id\":\"https:\/\/veriv.eu\/#website\"},\"primaryImageOfPage\":{\"@id\":\"https:\/\/veriv.eu\/index.php\/2019\/04\/23\/kancelaria-prawna-veriv-s-a\/#primaryimage\"},\"image\":{\"@id\":\"https:\/\/veriv.eu\/index.php\/2019\/04\/23\/kancelaria-prawna-veriv-s-a\/#primaryimage\"},\"thumbnailUrl\":\"https:\/\/veriv.eu\/wp-content\/uploads\/2019\/04\/unnamed.png\",\"datePublished\":\"2019-04-22T22:27:37+00:00\",\"dateModified\":\"2021-07-12T07:54:50+00:00\",\"author\":{\"@id\":\"https:\/\/veriv.eu\/#\/schema\/person\/423552a3509eca4d7f912a129e38485e\"},\"breadcrumb\":{\"@id\":\"https:\/\/veriv.eu\/index.php\/2019\/04\/23\/kancelaria-prawna-veriv-s-a\/#breadcrumb\"},\"inLanguage\":\"pl-PL\",\"potentialAction\":[{\"@type\":\"ReadAction\",\"target\":[\"https:\/\/veriv.eu\/index.php\/2019\/04\/23\/kancelaria-prawna-veriv-s-a\/\"]}]},{\"@type\":\"ImageObject\",\"inLanguage\":\"pl-PL\",\"@id\":\"https:\/\/veriv.eu\/index.php\/2019\/04\/23\/kancelaria-prawna-veriv-s-a\/#primaryimage\",\"url\":\"https:\/\/veriv.eu\/wp-content\/uploads\/2019\/04\/unnamed.png\",\"contentUrl\":\"https:\/\/veriv.eu\/wp-content\/uploads\/2019\/04\/unnamed.png\",\"width\":1080,\"height\":608},{\"@type\":\"BreadcrumbList\",\"@id\":\"https:\/\/veriv.eu\/index.php\/2019\/04\/23\/kancelaria-prawna-veriv-s-a\/#breadcrumb\",\"itemListElement\":[{\"@type\":\"ListItem\",\"position\":1,\"name\":\"Strona g\u0142\u00f3wna\",\"item\":\"https:\/\/veriv.eu\/\"},{\"@type\":\"ListItem\",\"position\":2,\"name\":\"Kancelaria Prawna Veriv S.A.\"}]},{\"@type\":\"WebSite\",\"@id\":\"https:\/\/veriv.eu\/#website\",\"url\":\"https:\/\/veriv.eu\/\",\"name\":\"Kancelaria Prawna \/ Adwokat, Radca Prawny, Detektyw\",\"description\":\"Kancelaria Veriv\",\"potentialAction\":[{\"@type\":\"SearchAction\",\"target\":{\"@type\":\"EntryPoint\",\"urlTemplate\":\"https:\/\/veriv.eu\/?s={search_term_string}\"},\"query-input\":{\"@type\":\"PropertyValueSpecification\",\"valueRequired\":true,\"valueName\":\"search_term_string\"}}],\"inLanguage\":\"pl-PL\"},{\"@type\":\"Person\",\"@id\":\"https:\/\/veriv.eu\/#\/schema\/person\/423552a3509eca4d7f912a129e38485e\",\"name\":\"VERIV\",\"image\":{\"@type\":\"ImageObject\",\"inLanguage\":\"pl-PL\",\"@id\":\"https:\/\/veriv.eu\/#\/schema\/person\/image\/\",\"url\":\"https:\/\/secure.gravatar.com\/avatar\/fd09232202d88df8c7e56af87438fa2e?s=96&d=mm&r=g\",\"contentUrl\":\"https:\/\/secure.gravatar.com\/avatar\/fd09232202d88df8c7e56af87438fa2e?s=96&d=mm&r=g\",\"caption\":\"VERIV\"},\"sameAs\":[\"https:\/\/veriv.eu\",\"https:\/\/www.facebook.com\/veriv.s.a\/\",\"https:\/\/www.youtube.com\/results?search_query=jm+network+television\"],\"url\":\"https:\/\/veriv.eu\/index.php\/author\/admin\/\"}]}<\/script>\n<!-- \/ Yoast SEO plugin. -->","yoast_head_json":{"title":"Kancelaria Prawna Veriv S.A. - Kancelaria Prawna \/ Adwokat, Radca Prawny, Detektyw","robots":{"index":"index","follow":"follow","max-snippet":"max-snippet:-1","max-image-preview":"max-image-preview:large","max-video-preview":"max-video-preview:-1"},"canonical":"https:\/\/veriv.eu\/index.php\/2019\/04\/23\/kancelaria-prawna-veriv-s-a\/","og_locale":"pl_PL","og_type":"article","og_title":"Kancelaria Prawna Veriv S.A. - Kancelaria Prawna \/ Adwokat, Radca Prawny, Detektyw","og_description":"KANCELARIA PRAWNA Formy i zakres pomocy prawnej Veriv S.A. \u2013 wiele odpowiedzi w jednym miejscu Veriv S.A. NIEZAWODNA KANCELARIA GOSPODARCZA Jeste\u015bmy do\u015bwiadczon\u0105 kancelari\u0105 gospodarcz\u0105, kt\u00f3ra oferuje pe\u0142en zakres us\u0142ug doradztwa prawnego: tworzenie, likwidacje, fuzje, przej\u0119cia, \u0142\u0105czenia, zmiany sp\u00f3\u0142ek, doradztwo korporacyjne, prawo handlowe, prawo cywilne, czyli normy reguluj\u0105ce stosunki mi\u0119dzy podmiotami prawa prywatnego, ochrona danych osobowych, [&hellip;]","og_url":"https:\/\/veriv.eu\/index.php\/2019\/04\/23\/kancelaria-prawna-veriv-s-a\/","og_site_name":"Kancelaria Prawna \/ Adwokat, Radca Prawny, Detektyw","article_author":"https:\/\/www.facebook.com\/veriv.s.a\/","article_published_time":"2019-04-22T22:27:37+00:00","article_modified_time":"2021-07-12T07:54:50+00:00","og_image":[{"width":1080,"height":608,"url":"https:\/\/veriv.eu\/wp-content\/uploads\/2019\/04\/unnamed.png","type":"image\/png"}],"author":"VERIV","twitter_card":"summary_large_image","twitter_misc":{"Napisane przez":"VERIV","Szacowany czas czytania":"7 minut"},"schema":{"@context":"https:\/\/schema.org","@graph":[{"@type":"WebPage","@id":"https:\/\/veriv.eu\/index.php\/2019\/04\/23\/kancelaria-prawna-veriv-s-a\/","url":"https:\/\/veriv.eu\/index.php\/2019\/04\/23\/kancelaria-prawna-veriv-s-a\/","name":"Kancelaria Prawna Veriv S.A. - Kancelaria Prawna \/ Adwokat, Radca Prawny, Detektyw","isPartOf":{"@id":"https:\/\/veriv.eu\/#website"},"primaryImageOfPage":{"@id":"https:\/\/veriv.eu\/index.php\/2019\/04\/23\/kancelaria-prawna-veriv-s-a\/#primaryimage"},"image":{"@id":"https:\/\/veriv.eu\/index.php\/2019\/04\/23\/kancelaria-prawna-veriv-s-a\/#primaryimage"},"thumbnailUrl":"https:\/\/veriv.eu\/wp-content\/uploads\/2019\/04\/unnamed.png","datePublished":"2019-04-22T22:27:37+00:00","dateModified":"2021-07-12T07:54:50+00:00","author":{"@id":"https:\/\/veriv.eu\/#\/schema\/person\/423552a3509eca4d7f912a129e38485e"},"breadcrumb":{"@id":"https:\/\/veriv.eu\/index.php\/2019\/04\/23\/kancelaria-prawna-veriv-s-a\/#breadcrumb"},"inLanguage":"pl-PL","potentialAction":[{"@type":"ReadAction","target":["https:\/\/veriv.eu\/index.php\/2019\/04\/23\/kancelaria-prawna-veriv-s-a\/"]}]},{"@type":"ImageObject","inLanguage":"pl-PL","@id":"https:\/\/veriv.eu\/index.php\/2019\/04\/23\/kancelaria-prawna-veriv-s-a\/#primaryimage","url":"https:\/\/veriv.eu\/wp-content\/uploads\/2019\/04\/unnamed.png","contentUrl":"https:\/\/veriv.eu\/wp-content\/uploads\/2019\/04\/unnamed.png","width":1080,"height":608},{"@type":"BreadcrumbList","@id":"https:\/\/veriv.eu\/index.php\/2019\/04\/23\/kancelaria-prawna-veriv-s-a\/#breadcrumb","itemListElement":[{"@type":"ListItem","position":1,"name":"Strona g\u0142\u00f3wna","item":"https:\/\/veriv.eu\/"},{"@type":"ListItem","position":2,"name":"Kancelaria Prawna Veriv S.A."}]},{"@type":"WebSite","@id":"https:\/\/veriv.eu\/#website","url":"https:\/\/veriv.eu\/","name":"Kancelaria Prawna \/ Adwokat, Radca Prawny, Detektyw","description":"Kancelaria Veriv","potentialAction":[{"@type":"SearchAction","target":{"@type":"EntryPoint","urlTemplate":"https:\/\/veriv.eu\/?s={search_term_string}"},"query-input":{"@type":"PropertyValueSpecification","valueRequired":true,"valueName":"search_term_string"}}],"inLanguage":"pl-PL"},{"@type":"Person","@id":"https:\/\/veriv.eu\/#\/schema\/person\/423552a3509eca4d7f912a129e38485e","name":"VERIV","image":{"@type":"ImageObject","inLanguage":"pl-PL","@id":"https:\/\/veriv.eu\/#\/schema\/person\/image\/","url":"https:\/\/secure.gravatar.com\/avatar\/fd09232202d88df8c7e56af87438fa2e?s=96&d=mm&r=g","contentUrl":"https:\/\/secure.gravatar.com\/avatar\/fd09232202d88df8c7e56af87438fa2e?s=96&d=mm&r=g","caption":"VERIV"},"sameAs":["https:\/\/veriv.eu","https:\/\/www.facebook.com\/veriv.s.a\/","https:\/\/www.youtube.com\/results?search_query=jm+network+television"],"url":"https:\/\/veriv.eu\/index.php\/author\/admin\/"}]}},"_links":{"self":[{"href":"https:\/\/veriv.eu\/index.php\/wp-json\/wp\/v2\/posts\/134382","targetHints":{"allow":["GET"]}}],"collection":[{"href":"https:\/\/veriv.eu\/index.php\/wp-json\/wp\/v2\/posts"}],"about":[{"href":"https:\/\/veriv.eu\/index.php\/wp-json\/wp\/v2\/types\/post"}],"author":[{"embeddable":true,"href":"https:\/\/veriv.eu\/index.php\/wp-json\/wp\/v2\/users\/1"}],"replies":[{"embeddable":true,"href":"https:\/\/veriv.eu\/index.php\/wp-json\/wp\/v2\/comments?post=134382"}],"version-history":[{"count":0,"href":"https:\/\/veriv.eu\/index.php\/wp-json\/wp\/v2\/posts\/134382\/revisions"}],"wp:featuredmedia":[{"embeddable":true,"href":"https:\/\/veriv.eu\/index.php\/wp-json\/wp\/v2\/media\/141997"}],"wp:attachment":[{"href":"https:\/\/veriv.eu\/index.php\/wp-json\/wp\/v2\/media?parent=134382"}],"wp:term":[{"taxonomy":"category","embeddable":true,"href":"https:\/\/veriv.eu\/index.php\/wp-json\/wp\/v2\/categories?post=134382"},{"taxonomy":"post_tag","embeddable":true,"href":"https:\/\/veriv.eu\/index.php\/wp-json\/wp\/v2\/tags?post=134382"}],"curies":[{"name":"wp","href":"https:\/\/api.w.org\/{rel}","templated":true}]}}