{"id":134376,"date":"2019-04-23T00:17:33","date_gmt":"2019-04-22T22:17:33","guid":{"rendered":"http:\/\/veriv.pokrzywko.com\/?p=134376"},"modified":"2021-07-12T09:40:48","modified_gmt":"2021-07-12T07:40:48","slug":"ochrona-danych-osobowych","status":"publish","type":"post","link":"https:\/\/veriv.eu\/index.php\/2019\/04\/23\/ochrona-danych-osobowych\/","title":{"rendered":"Ochrona danych osobowych,"},"content":{"rendered":"<div class=\"ui--blog-header\">\n<p style=\"text-align: justify;\">Dane osobowe r\u00f3\u017cnego rodzaju cz\u0119sto padaj\u0105 \u0142upem nieuczciwych firm lub innych podmiot\u00f3w, kt\u00f3re bezprawnie je wykorzystuj\u0105 do swoich cel\u00f3w. Jednym z zada\u0144, kt\u00f3re stoj\u0105 przed prawnikami, jest skuteczna ochrona danych osobowych. Kancelaria Veriv zajmuje si\u0119 mi\u0119dzy innymi wspieraniem klient\u00f3w w tworzeniu stosownej dokumentacji, jak r\u00f3wnie\u017c kierowaniem skarg lub odwo\u0142a\u0144 do s\u0105d\u00f3w administracyjnych. Wykonujemy takie czynno\u015bci, jak rejestracja zbioru danych osobowych w GIODO, czy audyt dokument\u00f3w firmowych. Ta ostatnia czynno\u015b\u0107 pozwala na zbadanie, czy spe\u0142niaj\u0105 one wymogi ustawy o ochronie danych osobowych. Jednocze\u015bnie jeste\u015bmy w stanie doradzi\u0107, jak w odpowiedni spos\u00f3b tworzy\u0107 dokumenty tak, aby nie narusza\u0142y niczyich praw. Wiele organizacji oraz instytucji posiada informacje o prywatnych osobach, na przyk\u0142ad darczy\u0144cach, czy wsp\u00f3\u0142pracownikach. Nawet nie\u015bwiadome wykorzystanie wykorzystanie tych danych mo\u017ce spowodowa\u0107 bardzo negatywne konsekwencje. Dlatego wa\u017cna jest skuteczna ochrona danych osobowych. Kancelaria Veriv potrafi skutecznie o ni\u0105 zadba\u0107.<\/p>\n<\/div>\n<div class=\"ui--blog-content\">\n<ul>\n<li style=\"text-align: justify;\">dokumentacja z przetwarzaniem danych osobowych; polityka bezpiecze\u0144stwa, instrukcja zarz\u0105dzania systemem informatycznym<\/li>\n<li style=\"text-align: justify;\">wnioski GIODO \u2013 rejestracja zbior\u00f3w danych osobowych, zmiany w zbiorach<\/li>\n<li style=\"text-align: justify;\">wsparcie prawne w zakresie wdro\u017cenia dokumentacji<\/li>\n<li style=\"text-align: justify;\">wsparcie prawne w trakcie kontroli GIODO<\/li>\n<li style=\"text-align: justify;\">skargi do s\u0105du administracyjnego, odwo\u0142ania, wnioski o ponowne rozpatrzenie sprawy<\/li>\n<li style=\"text-align: justify;\">audyt prawny dokument\u00f3w firmowych w zakresie spe\u0142niania wymog\u00f3w ustawy o ochronie danych osobowych<\/li>\n<\/ul>\n<\/div>\n","protected":false},"excerpt":{"rendered":"<p>Dane osobowe r\u00f3\u017cnego rodzaju cz\u0119sto padaj\u0105 \u0142upem nieuczciwych firm lub innych podmiot\u00f3w, kt\u00f3re bezprawnie je wykorzystuj\u0105 do swoich cel\u00f3w. Jednym z zada\u0144, kt\u00f3re stoj\u0105 przed prawnikami, jest skuteczna ochrona danych osobowych. Kancelaria Veriv zajmuje si\u0119 mi\u0119dzy innymi wspieraniem klient\u00f3w w tworzeniu stosownej dokumentacji, jak r\u00f3wnie\u017c kierowaniem skarg lub odwo\u0142a\u0144 do s\u0105d\u00f3w administracyjnych. Wykonujemy takie czynno\u015bci, [&hellip;]<\/p>\n","protected":false},"author":1,"featured_media":134225,"comment_status":"closed","ping_status":"open","sticky":false,"template":"","format":"standard","meta":{"footnotes":""},"categories":[28,37],"tags":[],"class_list":["post-134376","post","type-post","status-publish","format-standard","has-post-thumbnail","hentry","category-kancelaria-prawna-i-detektywistyczna","category-ochrona-danych-osobowych"],"yoast_head":"<!-- This site is optimized with the Yoast SEO plugin v23.4 - https:\/\/yoast.com\/wordpress\/plugins\/seo\/ -->\n<title>Ochrona danych osobowych, - Kancelaria Prawna \/ Adwokat, Radca Prawny, Detektyw<\/title>\n<meta name=\"robots\" content=\"index, follow, max-snippet:-1, max-image-preview:large, max-video-preview:-1\" \/>\n<link rel=\"canonical\" href=\"https:\/\/veriv.eu\/index.php\/2019\/04\/23\/ochrona-danych-osobowych\/\" \/>\n<meta property=\"og:locale\" content=\"pl_PL\" \/>\n<meta property=\"og:type\" content=\"article\" \/>\n<meta property=\"og:title\" content=\"Ochrona danych osobowych, - Kancelaria Prawna \/ Adwokat, Radca Prawny, Detektyw\" \/>\n<meta property=\"og:description\" content=\"Dane osobowe r\u00f3\u017cnego rodzaju cz\u0119sto padaj\u0105 \u0142upem nieuczciwych firm lub innych podmiot\u00f3w, kt\u00f3re bezprawnie je wykorzystuj\u0105 do swoich cel\u00f3w. Jednym z zada\u0144, kt\u00f3re stoj\u0105 przed prawnikami, jest skuteczna ochrona danych osobowych. Kancelaria Veriv zajmuje si\u0119 mi\u0119dzy innymi wspieraniem klient\u00f3w w tworzeniu stosownej dokumentacji, jak r\u00f3wnie\u017c kierowaniem skarg lub odwo\u0142a\u0144 do s\u0105d\u00f3w administracyjnych. Wykonujemy takie czynno\u015bci, [&hellip;]\" \/>\n<meta property=\"og:url\" content=\"https:\/\/veriv.eu\/index.php\/2019\/04\/23\/ochrona-danych-osobowych\/\" \/>\n<meta property=\"og:site_name\" content=\"Kancelaria Prawna \/ Adwokat, Radca Prawny, Detektyw\" \/>\n<meta property=\"article:author\" content=\"https:\/\/www.facebook.com\/veriv.s.a\/\" \/>\n<meta property=\"article:published_time\" content=\"2019-04-22T22:17:33+00:00\" \/>\n<meta property=\"article:modified_time\" content=\"2021-07-12T07:40:48+00:00\" \/>\n<meta property=\"og:image\" content=\"https:\/\/veriv.eu\/wp-content\/uploads\/2019\/04\/Ochrona-danych-osobowych-w-veriv-s.a.-1.jpg\" \/>\n\t<meta property=\"og:image:width\" content=\"1024\" \/>\n\t<meta property=\"og:image:height\" content=\"683\" \/>\n\t<meta property=\"og:image:type\" content=\"image\/jpeg\" \/>\n<meta name=\"author\" content=\"VERIV\" \/>\n<meta name=\"twitter:card\" content=\"summary_large_image\" \/>\n<meta name=\"twitter:label1\" content=\"Napisane przez\" \/>\n\t<meta name=\"twitter:data1\" content=\"VERIV\" \/>\n\t<meta name=\"twitter:label2\" content=\"Szacowany czas czytania\" \/>\n\t<meta name=\"twitter:data2\" content=\"1 minuta\" \/>\n<script type=\"application\/ld+json\" class=\"yoast-schema-graph\">{\"@context\":\"https:\/\/schema.org\",\"@graph\":[{\"@type\":\"WebPage\",\"@id\":\"https:\/\/veriv.eu\/index.php\/2019\/04\/23\/ochrona-danych-osobowych\/\",\"url\":\"https:\/\/veriv.eu\/index.php\/2019\/04\/23\/ochrona-danych-osobowych\/\",\"name\":\"Ochrona danych osobowych, - Kancelaria Prawna \/ Adwokat, Radca Prawny, Detektyw\",\"isPartOf\":{\"@id\":\"https:\/\/veriv.eu\/#website\"},\"primaryImageOfPage\":{\"@id\":\"https:\/\/veriv.eu\/index.php\/2019\/04\/23\/ochrona-danych-osobowych\/#primaryimage\"},\"image\":{\"@id\":\"https:\/\/veriv.eu\/index.php\/2019\/04\/23\/ochrona-danych-osobowych\/#primaryimage\"},\"thumbnailUrl\":\"https:\/\/veriv.eu\/wp-content\/uploads\/2019\/04\/Ochrona-danych-osobowych-w-veriv-s.a.-1.jpg\",\"datePublished\":\"2019-04-22T22:17:33+00:00\",\"dateModified\":\"2021-07-12T07:40:48+00:00\",\"author\":{\"@id\":\"https:\/\/veriv.eu\/#\/schema\/person\/423552a3509eca4d7f912a129e38485e\"},\"breadcrumb\":{\"@id\":\"https:\/\/veriv.eu\/index.php\/2019\/04\/23\/ochrona-danych-osobowych\/#breadcrumb\"},\"inLanguage\":\"pl-PL\",\"potentialAction\":[{\"@type\":\"ReadAction\",\"target\":[\"https:\/\/veriv.eu\/index.php\/2019\/04\/23\/ochrona-danych-osobowych\/\"]}]},{\"@type\":\"ImageObject\",\"inLanguage\":\"pl-PL\",\"@id\":\"https:\/\/veriv.eu\/index.php\/2019\/04\/23\/ochrona-danych-osobowych\/#primaryimage\",\"url\":\"https:\/\/veriv.eu\/wp-content\/uploads\/2019\/04\/Ochrona-danych-osobowych-w-veriv-s.a.-1.jpg\",\"contentUrl\":\"https:\/\/veriv.eu\/wp-content\/uploads\/2019\/04\/Ochrona-danych-osobowych-w-veriv-s.a.-1.jpg\",\"width\":1024,\"height\":683},{\"@type\":\"BreadcrumbList\",\"@id\":\"https:\/\/veriv.eu\/index.php\/2019\/04\/23\/ochrona-danych-osobowych\/#breadcrumb\",\"itemListElement\":[{\"@type\":\"ListItem\",\"position\":1,\"name\":\"Strona g\u0142\u00f3wna\",\"item\":\"https:\/\/veriv.eu\/\"},{\"@type\":\"ListItem\",\"position\":2,\"name\":\"Ochrona danych osobowych,\"}]},{\"@type\":\"WebSite\",\"@id\":\"https:\/\/veriv.eu\/#website\",\"url\":\"https:\/\/veriv.eu\/\",\"name\":\"Kancelaria Prawna \/ Adwokat, Radca Prawny, Detektyw\",\"description\":\"Kancelaria Veriv\",\"potentialAction\":[{\"@type\":\"SearchAction\",\"target\":{\"@type\":\"EntryPoint\",\"urlTemplate\":\"https:\/\/veriv.eu\/?s={search_term_string}\"},\"query-input\":{\"@type\":\"PropertyValueSpecification\",\"valueRequired\":true,\"valueName\":\"search_term_string\"}}],\"inLanguage\":\"pl-PL\"},{\"@type\":\"Person\",\"@id\":\"https:\/\/veriv.eu\/#\/schema\/person\/423552a3509eca4d7f912a129e38485e\",\"name\":\"VERIV\",\"image\":{\"@type\":\"ImageObject\",\"inLanguage\":\"pl-PL\",\"@id\":\"https:\/\/veriv.eu\/#\/schema\/person\/image\/\",\"url\":\"https:\/\/secure.gravatar.com\/avatar\/fd09232202d88df8c7e56af87438fa2e?s=96&d=mm&r=g\",\"contentUrl\":\"https:\/\/secure.gravatar.com\/avatar\/fd09232202d88df8c7e56af87438fa2e?s=96&d=mm&r=g\",\"caption\":\"VERIV\"},\"sameAs\":[\"https:\/\/veriv.eu\",\"https:\/\/www.facebook.com\/veriv.s.a\/\",\"https:\/\/www.youtube.com\/results?search_query=jm+network+television\"],\"url\":\"https:\/\/veriv.eu\/index.php\/author\/admin\/\"}]}<\/script>\n<!-- \/ Yoast SEO plugin. -->","yoast_head_json":{"title":"Ochrona danych osobowych, - Kancelaria Prawna \/ Adwokat, Radca Prawny, Detektyw","robots":{"index":"index","follow":"follow","max-snippet":"max-snippet:-1","max-image-preview":"max-image-preview:large","max-video-preview":"max-video-preview:-1"},"canonical":"https:\/\/veriv.eu\/index.php\/2019\/04\/23\/ochrona-danych-osobowych\/","og_locale":"pl_PL","og_type":"article","og_title":"Ochrona danych osobowych, - Kancelaria Prawna \/ Adwokat, Radca Prawny, Detektyw","og_description":"Dane osobowe r\u00f3\u017cnego rodzaju cz\u0119sto padaj\u0105 \u0142upem nieuczciwych firm lub innych podmiot\u00f3w, kt\u00f3re bezprawnie je wykorzystuj\u0105 do swoich cel\u00f3w. Jednym z zada\u0144, kt\u00f3re stoj\u0105 przed prawnikami, jest skuteczna ochrona danych osobowych. Kancelaria Veriv zajmuje si\u0119 mi\u0119dzy innymi wspieraniem klient\u00f3w w tworzeniu stosownej dokumentacji, jak r\u00f3wnie\u017c kierowaniem skarg lub odwo\u0142a\u0144 do s\u0105d\u00f3w administracyjnych. Wykonujemy takie czynno\u015bci, [&hellip;]","og_url":"https:\/\/veriv.eu\/index.php\/2019\/04\/23\/ochrona-danych-osobowych\/","og_site_name":"Kancelaria Prawna \/ Adwokat, Radca Prawny, Detektyw","article_author":"https:\/\/www.facebook.com\/veriv.s.a\/","article_published_time":"2019-04-22T22:17:33+00:00","article_modified_time":"2021-07-12T07:40:48+00:00","og_image":[{"width":1024,"height":683,"url":"https:\/\/veriv.eu\/wp-content\/uploads\/2019\/04\/Ochrona-danych-osobowych-w-veriv-s.a.-1.jpg","type":"image\/jpeg"}],"author":"VERIV","twitter_card":"summary_large_image","twitter_misc":{"Napisane przez":"VERIV","Szacowany czas czytania":"1 minuta"},"schema":{"@context":"https:\/\/schema.org","@graph":[{"@type":"WebPage","@id":"https:\/\/veriv.eu\/index.php\/2019\/04\/23\/ochrona-danych-osobowych\/","url":"https:\/\/veriv.eu\/index.php\/2019\/04\/23\/ochrona-danych-osobowych\/","name":"Ochrona danych osobowych, - Kancelaria Prawna \/ Adwokat, Radca Prawny, Detektyw","isPartOf":{"@id":"https:\/\/veriv.eu\/#website"},"primaryImageOfPage":{"@id":"https:\/\/veriv.eu\/index.php\/2019\/04\/23\/ochrona-danych-osobowych\/#primaryimage"},"image":{"@id":"https:\/\/veriv.eu\/index.php\/2019\/04\/23\/ochrona-danych-osobowych\/#primaryimage"},"thumbnailUrl":"https:\/\/veriv.eu\/wp-content\/uploads\/2019\/04\/Ochrona-danych-osobowych-w-veriv-s.a.-1.jpg","datePublished":"2019-04-22T22:17:33+00:00","dateModified":"2021-07-12T07:40:48+00:00","author":{"@id":"https:\/\/veriv.eu\/#\/schema\/person\/423552a3509eca4d7f912a129e38485e"},"breadcrumb":{"@id":"https:\/\/veriv.eu\/index.php\/2019\/04\/23\/ochrona-danych-osobowych\/#breadcrumb"},"inLanguage":"pl-PL","potentialAction":[{"@type":"ReadAction","target":["https:\/\/veriv.eu\/index.php\/2019\/04\/23\/ochrona-danych-osobowych\/"]}]},{"@type":"ImageObject","inLanguage":"pl-PL","@id":"https:\/\/veriv.eu\/index.php\/2019\/04\/23\/ochrona-danych-osobowych\/#primaryimage","url":"https:\/\/veriv.eu\/wp-content\/uploads\/2019\/04\/Ochrona-danych-osobowych-w-veriv-s.a.-1.jpg","contentUrl":"https:\/\/veriv.eu\/wp-content\/uploads\/2019\/04\/Ochrona-danych-osobowych-w-veriv-s.a.-1.jpg","width":1024,"height":683},{"@type":"BreadcrumbList","@id":"https:\/\/veriv.eu\/index.php\/2019\/04\/23\/ochrona-danych-osobowych\/#breadcrumb","itemListElement":[{"@type":"ListItem","position":1,"name":"Strona g\u0142\u00f3wna","item":"https:\/\/veriv.eu\/"},{"@type":"ListItem","position":2,"name":"Ochrona danych osobowych,"}]},{"@type":"WebSite","@id":"https:\/\/veriv.eu\/#website","url":"https:\/\/veriv.eu\/","name":"Kancelaria Prawna \/ Adwokat, Radca Prawny, Detektyw","description":"Kancelaria Veriv","potentialAction":[{"@type":"SearchAction","target":{"@type":"EntryPoint","urlTemplate":"https:\/\/veriv.eu\/?s={search_term_string}"},"query-input":{"@type":"PropertyValueSpecification","valueRequired":true,"valueName":"search_term_string"}}],"inLanguage":"pl-PL"},{"@type":"Person","@id":"https:\/\/veriv.eu\/#\/schema\/person\/423552a3509eca4d7f912a129e38485e","name":"VERIV","image":{"@type":"ImageObject","inLanguage":"pl-PL","@id":"https:\/\/veriv.eu\/#\/schema\/person\/image\/","url":"https:\/\/secure.gravatar.com\/avatar\/fd09232202d88df8c7e56af87438fa2e?s=96&d=mm&r=g","contentUrl":"https:\/\/secure.gravatar.com\/avatar\/fd09232202d88df8c7e56af87438fa2e?s=96&d=mm&r=g","caption":"VERIV"},"sameAs":["https:\/\/veriv.eu","https:\/\/www.facebook.com\/veriv.s.a\/","https:\/\/www.youtube.com\/results?search_query=jm+network+television"],"url":"https:\/\/veriv.eu\/index.php\/author\/admin\/"}]}},"_links":{"self":[{"href":"https:\/\/veriv.eu\/index.php\/wp-json\/wp\/v2\/posts\/134376","targetHints":{"allow":["GET"]}}],"collection":[{"href":"https:\/\/veriv.eu\/index.php\/wp-json\/wp\/v2\/posts"}],"about":[{"href":"https:\/\/veriv.eu\/index.php\/wp-json\/wp\/v2\/types\/post"}],"author":[{"embeddable":true,"href":"https:\/\/veriv.eu\/index.php\/wp-json\/wp\/v2\/users\/1"}],"replies":[{"embeddable":true,"href":"https:\/\/veriv.eu\/index.php\/wp-json\/wp\/v2\/comments?post=134376"}],"version-history":[{"count":0,"href":"https:\/\/veriv.eu\/index.php\/wp-json\/wp\/v2\/posts\/134376\/revisions"}],"wp:featuredmedia":[{"embeddable":true,"href":"https:\/\/veriv.eu\/index.php\/wp-json\/wp\/v2\/media\/134225"}],"wp:attachment":[{"href":"https:\/\/veriv.eu\/index.php\/wp-json\/wp\/v2\/media?parent=134376"}],"wp:term":[{"taxonomy":"category","embeddable":true,"href":"https:\/\/veriv.eu\/index.php\/wp-json\/wp\/v2\/categories?post=134376"},{"taxonomy":"post_tag","embeddable":true,"href":"https:\/\/veriv.eu\/index.php\/wp-json\/wp\/v2\/tags?post=134376"}],"curies":[{"name":"wp","href":"https:\/\/api.w.org\/{rel}","templated":true}]}}