{"id":134364,"date":"2019-04-22T23:55:49","date_gmt":"2019-04-22T21:55:49","guid":{"rendered":"http:\/\/veriv.pokrzywko.com\/?p=134364"},"modified":"2021-07-14T10:06:14","modified_gmt":"2021-07-14T08:06:14","slug":"afera-drobiowa-exdrob-oszukal-swoich-dostawcow-na-okolo-60-milionow-zlotych","status":"publish","type":"post","link":"https:\/\/veriv.eu\/index.php\/2019\/04\/22\/afera-drobiowa-exdrob-oszukal-swoich-dostawcow-na-okolo-60-milionow-zlotych\/","title":{"rendered":"Afera Drobiowa \u2013 Exdrob oszuka\u0142 swoich dostawc\u00f3w na oko\u0142o 60 milion\u00f3w z\u0142otych"},"content":{"rendered":"<p style=\"text-align: justify;\">Exdrob i Cedrob to dwa giganty drobiarskie, w sprawie kt\u00f3rych warszawskie kancelarie prawne i detektywistyczne prowadz\u0105 dochodzenie \u015bledcze.\u00a0 Sprawa Exdrobu ju\u017c od d\u0142ugiego czasu znajduje si\u0119 w Kutnowskiej Prokuraturze, kt\u00f3ra prowadzi do\u015b\u0107 \u00a0opieszale czynno\u015bci zwi\u0105zane z oszustwem na szkod\u0119 klienta Exdrobu. Dowody jednoznacznie wskazuj\u0105, \u017ce w chwili kiedy Exdrob zamawia\u0142 od drobiarzy towar, nie mia\u0142 ju\u017c na to \u015brodk\u00f3w. Tak zezna\u0142 jeden z cz\u0142onk\u00f3w zarz\u0105du. Jak t\u0142umaczy, nie mieli pieni\u0119dzy, poniewa\u017c sami mieli kontrakty, kt\u00f3re musieli zrealizowa\u0107, poniewa\u017c zap\u0142aciliby du\u017ce kary umowne gdyby tego nie zrobili. Nale\u017cy zatem stwierdzi\u0107, zgodnie z wyja\u015bnieniami Zarz\u0105du, \u017ce realizacja kolejnych zakup\u00f3w towar\u00f3w pozwoli\u0142a unikn\u0105\u0107 wy\u017cej opisanych kar umownych, a w zwi\u0105zku z tym sp\u00f3\u0142ka powinna by\u0107 w stanie realizowa\u0107 p\u0142atno\u015bci na rzecz dostawc\u00f3w. Nasuwa si\u0119 zatem pytanie, dlaczego tego nie robiono?<\/p>\n<p><iframe title=\"\u0141OWCY AFER I DETEKTYWI, Oszukani Drobiarze przez Exdrob,.\" width=\"640\" height=\"360\" src=\"https:\/\/www.youtube.com\/embed\/CuBymWyfuLw?feature=oembed\" frameborder=\"0\" allow=\"accelerometer; autoplay; clipboard-write; encrypted-media; gyroscope; picture-in-picture; web-share\" referrerpolicy=\"strict-origin-when-cross-origin\" allowfullscreen><\/iframe><\/p>\n<p>Jak wyja\u015bnia jeden z pokrzywdzonych, Exdrob zakupi\u0142 od niego towar na 3 dni przed og\u0142oszeniem wszcz\u0119cia post\u0119powania restrukturyzacyjnego. Zarz\u0105d Exdrobu namawia\u0142 do samego ko\u0144ca swoje ofiary na sprzeda\u017c towaru, maj\u0105c pe\u0142n\u0105 \u015bwiadomo\u015b\u0107 tego, \u017ce w najbli\u017cszym czasie zostan\u0105 wstrzymane wszystkie p\u0142atno\u015bci. Mo\u017cna zatem \u015bmia\u0142o stwierdzi\u0107, \u017ce Exdrob wy\u0142udza\u0142 towary od swoich dostawc\u00f3w, kt\u00f3rzy do dnia dzisiejszego nie otrzymali zap\u0142aty.&lt;\/p&gt;<br \/>\n&lt;p style=&#8221;text-align: justify;&#8221;&gt;Po przej\u0119ciu Exdrobu przez potentata na rynku drobiarskim, sp\u00f3\u0142k\u0119 Cedrob, Prezes Zarz\u0105du tej pierwszej otrzyma\u0142 bonus, czy nagrod\u0119, w postaci intratnego stanowiska pracy u nowego w\u0142a\u015bciciela. Tak\u0105 informacj\u0119 otrzymali\u015bmy od \u017cony Pana Prezesa w dniu 26.02.2019 roku. Na pytanie, gdzie mo\u017cemy porozmawia\u0107 z Prezesem, o\u015bwiadczy\u0142a, \u017ce jest w pracy w Cedrobie. \u015awiadkiem tego zdarzenia by\u0142 jeden z poszkodowanych. Nasuwa si\u0119 zatem kolejne pytanie. Czy osoba w postaci by\u0142ego ju\u017c Prezesa Zarz\u0105du sp\u00f3\u0142ki Exdrob, kt\u00f3ra doprowadzi\u0142a do jej upad\u0142o\u015bci poprzez z\u0142e zarz\u0105dzanie i dzia\u0142anie na szkod\u0119 w\u0142asnej firmy oraz os\u00f3b trzecich, powinna pracowa\u0107 w sp\u00f3\u0142ce, kt\u00f3ra j\u0105 przej\u0119\u0142a. Poza oczywistymi w\u0105tpliwo\u015bciami natury etycznej, pojawia si\u0119 pytanie, czy powodem jego zatrudnienia nie jest \u201ewynagrodzenie\u201d za dotychczasowe dzia\u0142ania, kt\u00f3re doprowadzi\u0142y do upadku sp\u00f3\u0142ki Exdrob. Wydaje si\u0119 oczywiste, \u017ce nie mo\u017ce chodzi\u0107 o jego kompetencje.<\/p>\n<p><iframe title=\"\u0141owcy Afer, Dzisiaj Poszkodowany Transport, Oszukany przez Exdrob Przewo\u017a\u0161nik.\" width=\"640\" height=\"360\" src=\"https:\/\/www.youtube.com\/embed\/n8XWfbCVUhc?feature=oembed\" frameborder=\"0\" allow=\"accelerometer; autoplay; clipboard-write; encrypted-media; gyroscope; picture-in-picture; web-share\" referrerpolicy=\"strict-origin-when-cross-origin\" allowfullscreen><\/iframe><\/p>\n<p style=\"text-align: justify;\">Nast\u0119pne pytanie, kt\u00f3re ci\u015bnie si\u0119 na usta i jest bardzo istotne, dotyczy tego, czy Cedrob m\u00f3g\u0142 mie\u0107 co\u015b wsp\u00f3lnego z ca\u0142\u0105 t\u0105 sytuacj\u0105, a plany przej\u0119cia si\u0119ga\u0142y kilku lat wstecz? Tego jeszcze nie wiemy, ale mamy pewno\u015b\u0107, \u017ce nam i prokuraturze uda si\u0119 ten w\u0105tek wyja\u015bni\u0107. Na tym etapie musimy zada\u0107 pytanie przedstawicielom Cedrobu dotycz\u0105ce jednego z ostatnich spotka\u0144, na kt\u00f3rym obiecywali wierzycielom sp\u0142at\u0119 zad\u0142u\u017cenia w trakcie restrukturyzacji. Jak wiadomo podczas restrukturyzacji zak\u0142ad taki jest pod ochron\u0105 i nie mo\u017ce regulowa\u0107 swoich zobowi\u0105za\u0144, kt\u00f3re wesz\u0142y do restrukturyzacji. Mo\u017cna regulowa\u0107 ale bie\u017c\u0105ce zobowi\u0105zania, kt\u00f3re s\u0105 konieczne dla funkcjonowania sp\u00f3\u0142ki w restrukturyzacji. Zatem, czy Cedrob mia\u0142 w tym jaki\u015b interes?<br \/>\nCiekawym w\u0105tkiem jest wysy\u0142anie przez Cedrob do dostawc\u00f3w, za po\u015brednictwem swojej kancelarii prawnej, propozycji zakupu ich nale\u017cno\u015bci za 30% warto\u015bci, z kt\u00f3rych po kilku tygodniach si\u0119 wycofano. Czy Cedrob swoim dzia\u0142aniem nie wp\u0142ywa\u0142 na oszukanych dostawc\u00f3w Exdrobu? Czy w taki spos\u00f3b nie wprowadzili ich w b\u0142\u0105d co do swoich zamiar\u00f3w? Czy przekazywanie wierzycielom przez Cedrob informacji o zamiarze uregulowania nale\u017cno\u015bci nie wprowadzi\u0142o ich w b\u0142\u0105d i nie doprowadzi\u0142o do z\u0142ego rozporz\u0105dzenia maj\u0105tkiem?<br \/>\nOszukani dostawcy Exdrobu dziel\u0105 si\u0119 na grupy m.in. hodowc\u00f3w g\u0119si, hodowc\u00f3w brojler\u00f3w oraz producent\u00f3w jaj reprodukcyjnych. Niekt\u00f3rzy z tych ostatnich s\u0105 jednymi z najbardziej poszkodowanych w sprawie. Od niedawna reprezentuje ich Kancelaria Prawna Pokrzywko, Adwokat \u0141ukasz Chacia, Adwokat Zbigniew Kara\u015b, dwie firmy detektywistycznych oraz firmy specjalizuj\u0105ce si\u0119 analiz\u0105 dokument\u00f3w ksi\u0119gowych. Nawi\u0105zuj\u0105c do stopnia pokrzywdzenia, nale\u017cy podkre\u015bli\u0107, \u017ce jedna z grup zosta\u0142a potraktowana \u0142agodniej od pozosta\u0142ych, poniewa\u017c jak dowiedzieli\u015bmy si\u0119 od pokrzywdzonych, otrzymali oni w wi\u0119kszo\u015bci swoje wynagrodzenie. Pytanie czy wsp\u00f3\u0142pracuj\u0105 oni teraz z Cedrobem?<\/p>\n<p>Zatem czy cz\u0119\u015b\u0107 dostawc\u00f3w mia\u0142a pewne przywileje i je\u015bli tak to dlaczego? Odpowiadaj\u0105c na to pytanie nale\u017cy przeanalizowa\u0107 kwesti\u0119 zwi\u0105zan\u0105 z planami Cedrobu, co do dzia\u0142alno\u015bci w by\u0142ych zak\u0142adach Exdrobu i ch\u0119ci zabezpieczenia dostaw towar\u00f3w.<br \/>\nJu\u017c wkr\u00f3tce Pe\u0142nomocnicy oszukanych przez osoby zarz\u0105dzaj\u0105ce, nadzoruj\u0105ce i inne, kt\u00f3re mog\u0142y dopu\u015bci\u0107 si\u0119 czyn\u00f3w niedozwolonych prawem \u00a0planuj\u0105 z\u0142o\u017cy\u0107 kolejne zawiadomienia do Prokuratury. Maj\u0105 one dotyczy\u0107 oszustwa \u015bciganego z paragrafu 286 ust. 1 Kodeksu Karnego, jak r\u00f3wnie\u017c innych przepis\u00f3w prawa.<\/p>\n<p style=\"text-align: justify;\">Ca\u0142a sprawa, kt\u00f3r\u0105 nazywamy \u201eafer\u0105 drobiow\u0105\u201d wydaje si\u0119 mie\u0107 co najmniej drugie dno. Specjali\u015bci zaanga\u017cowani w jej badanie zauwa\u017caj\u0105 wysokie prawdopodobie\u0144stwo celowego dzia\u0142ania r\u00f3\u017cnych os\u00f3b trzecich, w tym Cedrobu? kt\u00f3re w konsekwencji doprowadzi\u0142y do przej\u0119cia sp\u00f3\u0142ki Exdrob.<br \/>\nPoszkodowani dostawcy zdaj\u0105 sobie spraw\u0119, \u017ce mo\u017ce by\u0107 bardzo ci\u0119\u017cko odzyska\u0107 pieni\u0105dze, ale oczekuj\u0105 sprawiedliwo\u015bci i licz\u0105 na to, \u017ce prawda zostanie ujawniona, a winni poci\u0105gni\u0119ci do odpowiedzialno\u015bci przed wymiarem sprawiedliwo\u015bci.<\/p>\n<p>Nasi dziennikarze b\u0119d\u0105 bada\u0107 spraw\u0119 i przekazywa\u0107 fakty na portalu internetowym i w telewizji TVPRESS.PL oraz innych mediach, do kt\u00f3rych informacje b\u0119d\u0105 dystrybuowane. Zainteresowani spraw\u0105 mog\u0105 otrzymywa\u0107 informacje pod telefonem +48 601 131 151&lt;\/p&gt;<br \/>\n&lt;p style=&#8221;text-align: justify;&#8221;&gt;Ju\u017c wkr\u00f3tce zapraszamy do\u00a0 obejrzenia emocjonuj\u0105cych wywiad\u00f3w z oszukanymi dostawcami Exdrobu<br \/>\nAutor:<br \/>\nTVPRESS<\/p>\n","protected":false},"excerpt":{"rendered":"<p>Exdrob i Cedrob to dwa giganty drobiarskie, w sprawie kt\u00f3rych warszawskie kancelarie prawne i detektywistyczne prowadz\u0105 dochodzenie \u015bledcze.\u00a0 Sprawa Exdrobu ju\u017c od d\u0142ugiego czasu znajduje si\u0119 w Kutnowskiej Prokuraturze, kt\u00f3ra prowadzi do\u015b\u0107 \u00a0opieszale czynno\u015bci zwi\u0105zane z oszustwem na szkod\u0119 klienta Exdrobu. Dowody jednoznacznie wskazuj\u0105, \u017ce w chwili kiedy Exdrob zamawia\u0142 od drobiarzy towar, nie mia\u0142 [&hellip;]<\/p>\n","protected":false},"author":1,"featured_media":141999,"comment_status":"closed","ping_status":"open","sticky":false,"template":"","format":"standard","meta":{"footnotes":""},"categories":[33],"tags":[],"class_list":["post-134364","post","type-post","status-publish","format-standard","has-post-thumbnail","hentry","category-lowcy-afer-afery-gospodarcze"],"yoast_head":"<!-- This site is optimized with the Yoast SEO plugin v23.4 - https:\/\/yoast.com\/wordpress\/plugins\/seo\/ -->\n<title>Afera Drobiowa \u2013 Exdrob oszuka\u0142 swoich dostawc\u00f3w na oko\u0142o 60 milion\u00f3w z\u0142otych - Kancelaria Prawna \/ Adwokat, Radca Prawny, Detektyw<\/title>\n<meta name=\"robots\" content=\"index, follow, max-snippet:-1, max-image-preview:large, max-video-preview:-1\" \/>\n<link rel=\"canonical\" href=\"https:\/\/veriv.eu\/index.php\/2019\/04\/22\/afera-drobiowa-exdrob-oszukal-swoich-dostawcow-na-okolo-60-milionow-zlotych\/\" \/>\n<meta property=\"og:locale\" content=\"pl_PL\" \/>\n<meta property=\"og:type\" content=\"article\" \/>\n<meta property=\"og:title\" content=\"Afera Drobiowa \u2013 Exdrob oszuka\u0142 swoich dostawc\u00f3w na oko\u0142o 60 milion\u00f3w z\u0142otych - Kancelaria Prawna \/ Adwokat, Radca Prawny, Detektyw\" \/>\n<meta property=\"og:description\" content=\"Exdrob i Cedrob to dwa giganty drobiarskie, w sprawie kt\u00f3rych warszawskie kancelarie prawne i detektywistyczne prowadz\u0105 dochodzenie \u015bledcze.\u00a0 Sprawa Exdrobu ju\u017c od d\u0142ugiego czasu znajduje si\u0119 w Kutnowskiej Prokuraturze, kt\u00f3ra prowadzi do\u015b\u0107 \u00a0opieszale czynno\u015bci zwi\u0105zane z oszustwem na szkod\u0119 klienta Exdrobu. Dowody jednoznacznie wskazuj\u0105, \u017ce w chwili kiedy Exdrob zamawia\u0142 od drobiarzy towar, nie mia\u0142 [&hellip;]\" \/>\n<meta property=\"og:url\" content=\"https:\/\/veriv.eu\/index.php\/2019\/04\/22\/afera-drobiowa-exdrob-oszukal-swoich-dostawcow-na-okolo-60-milionow-zlotych\/\" \/>\n<meta property=\"og:site_name\" content=\"Kancelaria Prawna \/ Adwokat, Radca Prawny, Detektyw\" \/>\n<meta property=\"article:author\" content=\"https:\/\/www.facebook.com\/veriv.s.a\/\" \/>\n<meta property=\"article:published_time\" content=\"2019-04-22T21:55:49+00:00\" \/>\n<meta property=\"article:modified_time\" content=\"2021-07-14T08:06:14+00:00\" \/>\n<meta property=\"og:image\" content=\"https:\/\/veriv.eu\/wp-content\/uploads\/2019\/04\/Afera-Kurczakowa-1.png\" \/>\n\t<meta property=\"og:image:width\" content=\"1482\" \/>\n\t<meta property=\"og:image:height\" content=\"899\" \/>\n\t<meta property=\"og:image:type\" content=\"image\/png\" \/>\n<meta name=\"author\" content=\"VERIV\" \/>\n<meta name=\"twitter:card\" content=\"summary_large_image\" \/>\n<meta name=\"twitter:label1\" content=\"Napisane przez\" \/>\n\t<meta name=\"twitter:data1\" content=\"VERIV\" \/>\n\t<meta name=\"twitter:label2\" content=\"Szacowany czas czytania\" \/>\n\t<meta name=\"twitter:data2\" content=\"4 minuty\" \/>\n<script type=\"application\/ld+json\" class=\"yoast-schema-graph\">{\"@context\":\"https:\/\/schema.org\",\"@graph\":[{\"@type\":\"WebPage\",\"@id\":\"https:\/\/veriv.eu\/index.php\/2019\/04\/22\/afera-drobiowa-exdrob-oszukal-swoich-dostawcow-na-okolo-60-milionow-zlotych\/\",\"url\":\"https:\/\/veriv.eu\/index.php\/2019\/04\/22\/afera-drobiowa-exdrob-oszukal-swoich-dostawcow-na-okolo-60-milionow-zlotych\/\",\"name\":\"Afera Drobiowa \u2013 Exdrob oszuka\u0142 swoich dostawc\u00f3w na oko\u0142o 60 milion\u00f3w z\u0142otych - Kancelaria Prawna \/ Adwokat, Radca Prawny, Detektyw\",\"isPartOf\":{\"@id\":\"https:\/\/veriv.eu\/#website\"},\"primaryImageOfPage\":{\"@id\":\"https:\/\/veriv.eu\/index.php\/2019\/04\/22\/afera-drobiowa-exdrob-oszukal-swoich-dostawcow-na-okolo-60-milionow-zlotych\/#primaryimage\"},\"image\":{\"@id\":\"https:\/\/veriv.eu\/index.php\/2019\/04\/22\/afera-drobiowa-exdrob-oszukal-swoich-dostawcow-na-okolo-60-milionow-zlotych\/#primaryimage\"},\"thumbnailUrl\":\"https:\/\/veriv.eu\/wp-content\/uploads\/2019\/04\/Afera-Kurczakowa-1.png\",\"datePublished\":\"2019-04-22T21:55:49+00:00\",\"dateModified\":\"2021-07-14T08:06:14+00:00\",\"author\":{\"@id\":\"https:\/\/veriv.eu\/#\/schema\/person\/423552a3509eca4d7f912a129e38485e\"},\"breadcrumb\":{\"@id\":\"https:\/\/veriv.eu\/index.php\/2019\/04\/22\/afera-drobiowa-exdrob-oszukal-swoich-dostawcow-na-okolo-60-milionow-zlotych\/#breadcrumb\"},\"inLanguage\":\"pl-PL\",\"potentialAction\":[{\"@type\":\"ReadAction\",\"target\":[\"https:\/\/veriv.eu\/index.php\/2019\/04\/22\/afera-drobiowa-exdrob-oszukal-swoich-dostawcow-na-okolo-60-milionow-zlotych\/\"]}]},{\"@type\":\"ImageObject\",\"inLanguage\":\"pl-PL\",\"@id\":\"https:\/\/veriv.eu\/index.php\/2019\/04\/22\/afera-drobiowa-exdrob-oszukal-swoich-dostawcow-na-okolo-60-milionow-zlotych\/#primaryimage\",\"url\":\"https:\/\/veriv.eu\/wp-content\/uploads\/2019\/04\/Afera-Kurczakowa-1.png\",\"contentUrl\":\"https:\/\/veriv.eu\/wp-content\/uploads\/2019\/04\/Afera-Kurczakowa-1.png\",\"width\":1482,\"height\":899},{\"@type\":\"BreadcrumbList\",\"@id\":\"https:\/\/veriv.eu\/index.php\/2019\/04\/22\/afera-drobiowa-exdrob-oszukal-swoich-dostawcow-na-okolo-60-milionow-zlotych\/#breadcrumb\",\"itemListElement\":[{\"@type\":\"ListItem\",\"position\":1,\"name\":\"Strona g\u0142\u00f3wna\",\"item\":\"https:\/\/veriv.eu\/\"},{\"@type\":\"ListItem\",\"position\":2,\"name\":\"Afera Drobiowa \u2013 Exdrob oszuka\u0142 swoich dostawc\u00f3w na oko\u0142o 60 milion\u00f3w z\u0142otych\"}]},{\"@type\":\"WebSite\",\"@id\":\"https:\/\/veriv.eu\/#website\",\"url\":\"https:\/\/veriv.eu\/\",\"name\":\"Kancelaria Prawna \/ Adwokat, Radca Prawny, Detektyw\",\"description\":\"Kancelaria Veriv\",\"potentialAction\":[{\"@type\":\"SearchAction\",\"target\":{\"@type\":\"EntryPoint\",\"urlTemplate\":\"https:\/\/veriv.eu\/?s={search_term_string}\"},\"query-input\":{\"@type\":\"PropertyValueSpecification\",\"valueRequired\":true,\"valueName\":\"search_term_string\"}}],\"inLanguage\":\"pl-PL\"},{\"@type\":\"Person\",\"@id\":\"https:\/\/veriv.eu\/#\/schema\/person\/423552a3509eca4d7f912a129e38485e\",\"name\":\"VERIV\",\"image\":{\"@type\":\"ImageObject\",\"inLanguage\":\"pl-PL\",\"@id\":\"https:\/\/veriv.eu\/#\/schema\/person\/image\/\",\"url\":\"https:\/\/secure.gravatar.com\/avatar\/fd09232202d88df8c7e56af87438fa2e?s=96&d=mm&r=g\",\"contentUrl\":\"https:\/\/secure.gravatar.com\/avatar\/fd09232202d88df8c7e56af87438fa2e?s=96&d=mm&r=g\",\"caption\":\"VERIV\"},\"sameAs\":[\"https:\/\/veriv.eu\",\"https:\/\/www.facebook.com\/veriv.s.a\/\",\"https:\/\/www.youtube.com\/results?search_query=jm+network+television\"],\"url\":\"https:\/\/veriv.eu\/index.php\/author\/admin\/\"}]}<\/script>\n<!-- \/ Yoast SEO plugin. -->","yoast_head_json":{"title":"Afera Drobiowa \u2013 Exdrob oszuka\u0142 swoich dostawc\u00f3w na oko\u0142o 60 milion\u00f3w z\u0142otych - Kancelaria Prawna \/ Adwokat, Radca Prawny, Detektyw","robots":{"index":"index","follow":"follow","max-snippet":"max-snippet:-1","max-image-preview":"max-image-preview:large","max-video-preview":"max-video-preview:-1"},"canonical":"https:\/\/veriv.eu\/index.php\/2019\/04\/22\/afera-drobiowa-exdrob-oszukal-swoich-dostawcow-na-okolo-60-milionow-zlotych\/","og_locale":"pl_PL","og_type":"article","og_title":"Afera Drobiowa \u2013 Exdrob oszuka\u0142 swoich dostawc\u00f3w na oko\u0142o 60 milion\u00f3w z\u0142otych - Kancelaria Prawna \/ Adwokat, Radca Prawny, Detektyw","og_description":"Exdrob i Cedrob to dwa giganty drobiarskie, w sprawie kt\u00f3rych warszawskie kancelarie prawne i detektywistyczne prowadz\u0105 dochodzenie \u015bledcze.\u00a0 Sprawa Exdrobu ju\u017c od d\u0142ugiego czasu znajduje si\u0119 w Kutnowskiej Prokuraturze, kt\u00f3ra prowadzi do\u015b\u0107 \u00a0opieszale czynno\u015bci zwi\u0105zane z oszustwem na szkod\u0119 klienta Exdrobu. Dowody jednoznacznie wskazuj\u0105, \u017ce w chwili kiedy Exdrob zamawia\u0142 od drobiarzy towar, nie mia\u0142 [&hellip;]","og_url":"https:\/\/veriv.eu\/index.php\/2019\/04\/22\/afera-drobiowa-exdrob-oszukal-swoich-dostawcow-na-okolo-60-milionow-zlotych\/","og_site_name":"Kancelaria Prawna \/ Adwokat, Radca Prawny, Detektyw","article_author":"https:\/\/www.facebook.com\/veriv.s.a\/","article_published_time":"2019-04-22T21:55:49+00:00","article_modified_time":"2021-07-14T08:06:14+00:00","og_image":[{"width":1482,"height":899,"url":"https:\/\/veriv.eu\/wp-content\/uploads\/2019\/04\/Afera-Kurczakowa-1.png","type":"image\/png"}],"author":"VERIV","twitter_card":"summary_large_image","twitter_misc":{"Napisane przez":"VERIV","Szacowany czas czytania":"4 minuty"},"schema":{"@context":"https:\/\/schema.org","@graph":[{"@type":"WebPage","@id":"https:\/\/veriv.eu\/index.php\/2019\/04\/22\/afera-drobiowa-exdrob-oszukal-swoich-dostawcow-na-okolo-60-milionow-zlotych\/","url":"https:\/\/veriv.eu\/index.php\/2019\/04\/22\/afera-drobiowa-exdrob-oszukal-swoich-dostawcow-na-okolo-60-milionow-zlotych\/","name":"Afera Drobiowa \u2013 Exdrob oszuka\u0142 swoich dostawc\u00f3w na oko\u0142o 60 milion\u00f3w z\u0142otych - Kancelaria Prawna \/ Adwokat, Radca Prawny, Detektyw","isPartOf":{"@id":"https:\/\/veriv.eu\/#website"},"primaryImageOfPage":{"@id":"https:\/\/veriv.eu\/index.php\/2019\/04\/22\/afera-drobiowa-exdrob-oszukal-swoich-dostawcow-na-okolo-60-milionow-zlotych\/#primaryimage"},"image":{"@id":"https:\/\/veriv.eu\/index.php\/2019\/04\/22\/afera-drobiowa-exdrob-oszukal-swoich-dostawcow-na-okolo-60-milionow-zlotych\/#primaryimage"},"thumbnailUrl":"https:\/\/veriv.eu\/wp-content\/uploads\/2019\/04\/Afera-Kurczakowa-1.png","datePublished":"2019-04-22T21:55:49+00:00","dateModified":"2021-07-14T08:06:14+00:00","author":{"@id":"https:\/\/veriv.eu\/#\/schema\/person\/423552a3509eca4d7f912a129e38485e"},"breadcrumb":{"@id":"https:\/\/veriv.eu\/index.php\/2019\/04\/22\/afera-drobiowa-exdrob-oszukal-swoich-dostawcow-na-okolo-60-milionow-zlotych\/#breadcrumb"},"inLanguage":"pl-PL","potentialAction":[{"@type":"ReadAction","target":["https:\/\/veriv.eu\/index.php\/2019\/04\/22\/afera-drobiowa-exdrob-oszukal-swoich-dostawcow-na-okolo-60-milionow-zlotych\/"]}]},{"@type":"ImageObject","inLanguage":"pl-PL","@id":"https:\/\/veriv.eu\/index.php\/2019\/04\/22\/afera-drobiowa-exdrob-oszukal-swoich-dostawcow-na-okolo-60-milionow-zlotych\/#primaryimage","url":"https:\/\/veriv.eu\/wp-content\/uploads\/2019\/04\/Afera-Kurczakowa-1.png","contentUrl":"https:\/\/veriv.eu\/wp-content\/uploads\/2019\/04\/Afera-Kurczakowa-1.png","width":1482,"height":899},{"@type":"BreadcrumbList","@id":"https:\/\/veriv.eu\/index.php\/2019\/04\/22\/afera-drobiowa-exdrob-oszukal-swoich-dostawcow-na-okolo-60-milionow-zlotych\/#breadcrumb","itemListElement":[{"@type":"ListItem","position":1,"name":"Strona g\u0142\u00f3wna","item":"https:\/\/veriv.eu\/"},{"@type":"ListItem","position":2,"name":"Afera Drobiowa \u2013 Exdrob oszuka\u0142 swoich dostawc\u00f3w na oko\u0142o 60 milion\u00f3w z\u0142otych"}]},{"@type":"WebSite","@id":"https:\/\/veriv.eu\/#website","url":"https:\/\/veriv.eu\/","name":"Kancelaria Prawna \/ Adwokat, Radca Prawny, Detektyw","description":"Kancelaria Veriv","potentialAction":[{"@type":"SearchAction","target":{"@type":"EntryPoint","urlTemplate":"https:\/\/veriv.eu\/?s={search_term_string}"},"query-input":{"@type":"PropertyValueSpecification","valueRequired":true,"valueName":"search_term_string"}}],"inLanguage":"pl-PL"},{"@type":"Person","@id":"https:\/\/veriv.eu\/#\/schema\/person\/423552a3509eca4d7f912a129e38485e","name":"VERIV","image":{"@type":"ImageObject","inLanguage":"pl-PL","@id":"https:\/\/veriv.eu\/#\/schema\/person\/image\/","url":"https:\/\/secure.gravatar.com\/avatar\/fd09232202d88df8c7e56af87438fa2e?s=96&d=mm&r=g","contentUrl":"https:\/\/secure.gravatar.com\/avatar\/fd09232202d88df8c7e56af87438fa2e?s=96&d=mm&r=g","caption":"VERIV"},"sameAs":["https:\/\/veriv.eu","https:\/\/www.facebook.com\/veriv.s.a\/","https:\/\/www.youtube.com\/results?search_query=jm+network+television"],"url":"https:\/\/veriv.eu\/index.php\/author\/admin\/"}]}},"_links":{"self":[{"href":"https:\/\/veriv.eu\/index.php\/wp-json\/wp\/v2\/posts\/134364","targetHints":{"allow":["GET"]}}],"collection":[{"href":"https:\/\/veriv.eu\/index.php\/wp-json\/wp\/v2\/posts"}],"about":[{"href":"https:\/\/veriv.eu\/index.php\/wp-json\/wp\/v2\/types\/post"}],"author":[{"embeddable":true,"href":"https:\/\/veriv.eu\/index.php\/wp-json\/wp\/v2\/users\/1"}],"replies":[{"embeddable":true,"href":"https:\/\/veriv.eu\/index.php\/wp-json\/wp\/v2\/comments?post=134364"}],"version-history":[{"count":0,"href":"https:\/\/veriv.eu\/index.php\/wp-json\/wp\/v2\/posts\/134364\/revisions"}],"wp:featuredmedia":[{"embeddable":true,"href":"https:\/\/veriv.eu\/index.php\/wp-json\/wp\/v2\/media\/141999"}],"wp:attachment":[{"href":"https:\/\/veriv.eu\/index.php\/wp-json\/wp\/v2\/media?parent=134364"}],"wp:term":[{"taxonomy":"category","embeddable":true,"href":"https:\/\/veriv.eu\/index.php\/wp-json\/wp\/v2\/categories?post=134364"},{"taxonomy":"post_tag","embeddable":true,"href":"https:\/\/veriv.eu\/index.php\/wp-json\/wp\/v2\/tags?post=134364"}],"curies":[{"name":"wp","href":"https:\/\/api.w.org\/{rel}","templated":true}]}}