{"id":134354,"date":"2019-04-22T23:25:19","date_gmt":"2019-04-22T21:25:19","guid":{"rendered":"http:\/\/veriv.pokrzywko.com\/?p=134354"},"modified":"2021-07-12T09:40:48","modified_gmt":"2021-07-12T07:40:48","slug":"monitoring-naleznosci-prewencja-i-windykacja","status":"publish","type":"post","link":"https:\/\/veriv.eu\/index.php\/2019\/04\/22\/monitoring-naleznosci-prewencja-i-windykacja\/","title":{"rendered":"Monitoring nale\u017cno\u015bci \/ Prewencja i windykacja"},"content":{"rendered":"<h5 style=\"text-align: justify;\"><strong>MONITORING P\u0141ATNO\u015aCI \u2013 SKUTECZNE ZABEZPIECZENIE PRZEDSI\u0118BIORSTWA I JEGO FINANS\u00d3W<\/strong><\/h5>\n<p style=\"text-align: justify;\"><strong>Veriv S.A.<\/strong>\u00a0zapewnia profesjonalne us\u0142ugi z zakresu\u00a0<strong>monitoringu kontrahent\u00f3w i bezpiecze\u0144stwa transakcji handlowych.<\/strong>Potwierdzeniem wysokiej jako\u015bci \u015bwiadczonych us\u0142ug jest stosowany przez nas System Zarz\u0105dzania Jako\u015bci\u0105 (zgodny ze standardami ISO 9001). Posiadamy certyfikat zgodno\u015bci z norm\u0105 ISO\/IEC 27001 \u201eZarz\u0105dzanie bezpiecze\u0144stwem informacji\u201d, co oznacza, \u017ce gwarantujemy sprawn\u0105 i skuteczn\u0105 ochron\u0119 informacji naszych Klient\u00f3w.<\/p>\n<p style=\"text-align: justify;\">Aby chroni\u0107 naszych Klient\u00f3w przed nieuczciwymi uczestnikami obrotu gospodarczego, \u015bwiadczymy\u00a0<strong>kompleksowe us\u0142ugi obrotu wierzytelno\u015bciami<\/strong>\u00a0i\u00a0<strong>monitoringu p\u0142atno\u015bci<\/strong>. Przy wsparciu systemu controllingowego, skutecznie minimalizujemy ryzyko zwi\u0105zane z zawieraniem transakcji.<\/p>\n<p style=\"text-align: justify;\">Informacje na temat swojego kontrahenta warto uzyska\u0107 jeszcze przed podpisaniem z nim umowy. To w\u0142a\u015bciwy moment, aby upewni\u0107 si\u0119, \u017ce podj\u0119cie konkretnych decyzji przyniesie zak\u0142adane profity. W\u0142a\u015bnie dlatego Veriv S.A. oferuje mo\u017cliwo\u015b\u0107\u00a0<strong>szybkiej oceny wiarygodno\u015bci kontrahenta\u00a0<\/strong>jeszcze przed przeprowadzeniem transakcji.<\/p>\n<h4 style=\"text-align: justify;\"><strong>JAK PRZEBIEGA WERYFIKACJA AKTUALNYCH I POTENCJALNYCH KONTRAHENT\u00d3W PRZED MONITORINGIEM P\u0141ATNO\u015aCI ?<\/strong><\/h4>\n<ol style=\"text-align: justify;\">\n<li>Analizujemy kontrahenta pod wzgl\u0119dem wiarygodno\u015bci ekonomicznej.<\/li>\n<li>Ustalamy, czy kontrahent figuruje w bazach Biura Informacji Gospodarczej zawieraj\u0105cych dane o zaleg\u0142o\u015bciach finansowych przedsi\u0119biorc\u00f3w.<\/li>\n<li>Sprawdzamy kontrahenta w innowacyjnym systemie SEIV\u00ae przeszukuj\u0105cym wszystkie bazy d\u0142u\u017cnik\u00f3w.<\/li>\n<li>Wizytujemy kontrahenta w jego siedzibie, przeprowadzamy wywiad \u015brodowiskowy.<\/li>\n<li>Opracowujemy kompleksowy raport zawieraj\u0105cy poszczeg\u00f3lne informacje o kontrahencie wraz z okre\u015bleniem ratingu SEIV\u00ae.<\/li>\n<\/ol>\n<p style=\"text-align: justify;\"><strong>Weryfikacja kontrahent\u00f3w<\/strong>\u00a0jest wa\u017cna nie tylko przed rozpocz\u0119ciem wsp\u00f3\u0142pracy, ale i ju\u017c po podpisaniu umowy. Na skutek dynamicznych przekszta\u0142ce\u0144 w rzeczywisto\u015bci rynkowej, sytuacja finansowa kontrahenta mo\u017ce diametralnie si\u0119 zmieni\u0107. Veriv S.A. oferuje\u00a0<strong>monitoring kontrahenta przez ca\u0142y okres wsp\u00f3\u0142pracy<\/strong>, co w przypadku zaburze\u0144 rytmu p\u0142atno\u015bci pozwala na wczesn\u0105 reakcj\u0119. Nasi Klienci nie musz\u0105 obawia\u0107 si\u0119 ryzyka utraty nale\u017cno\u015bci i mog\u0105 bezpiecznie prowadzi\u0107 sw\u00f3j biznes. To my dbamy o bezpiecze\u0144stwo ich transakcji handlowych.<\/p>\n<p style=\"text-align: justify;\"><strong>MONITORING NALE\u017bNO\u015aCI \u2013 PROCEDURA<\/strong><\/p>\n<ol style=\"text-align: justify;\">\n<li><strong>Monitorowanie nale\u017cno\u015bci<\/strong>\u00a0rozpoczynamy nast\u0119pnego dnia od wystawienia faktury, potwierdzaj\u0105c z kontrahentem (e-mailowo lub telefonicznie) dan\u0105 nale\u017cno\u015b\u0107 oraz termin jej p\u0142atno\u015bci.<\/li>\n<li><strong>Na 7 dni przed ustalon\u0105 dat\u0105,<\/strong>\u00a0przypominamy kontrahentowi o zbli\u017caj\u0105cym si\u0119 terminie p\u0142atno\u015bci. Stosowane przez nas formy monitoringu to: kontakt telefoniczny, wiadomo\u015bci tekstowe, wiadomo\u015bci g\u0142osowe, poczta elektroniczna.<\/li>\n<li><strong>W przypadku nieuregulowania przez kontrahenta nale\u017cno\u015bci<\/strong>\u00a0w terminie, wysy\u0142amy drog\u0105 elektroniczn\u0105 informacj\u0119 o braku stosownej p\u0142atno\u015bci.<\/li>\n<li><strong>Pierwsze wezwanie do zap\u0142aty<\/strong>\u00a0wystawiamy je\u017celi min\u0119\u0142o 7 dni od terminu p\u0142atno\u015bci.<\/li>\n<li><strong>Je\u015bli po up\u0142ywie 14 dni od terminu p\u0142atno\u015bci<\/strong>\u00a0kontrahent wci\u0105\u017c nie uregulowa\u0142 swoich zobowi\u0105za\u0144, wystawiamy drugie \u2013 ostateczne \u2013 wezwanie do zap\u0142aty. Kontrahent ma 7 dni na sp\u0142at\u0119 nale\u017cno\u015bci.<\/li>\n<\/ol>\n<p style=\"text-align: justify;\">W razie braku dalszej p\u0142atno\u015bci, sugerujemy podj\u0119cie bardziej stanowczych dzia\u0142a\u0144 wobec nierzetelnego kontrahenta czyli dochodzenie roszcze\u0144 w trybie post\u0119powania nakazowego, w formie windykacji.<\/p>\n<p style=\"text-align: justify;\"><strong>POST\u0118POWANIE WINDYKACYJNE \u2013 ETAPY<\/strong><\/p>\n<ul style=\"text-align: justify;\">\n<li><strong>Post\u0119powanie polubowne<\/strong><br \/>\n\u2013 prowadzimy z d\u0142u\u017cnikiem rozmowy negocjacyjne (telefoniczne i osobiste) maj\u0105ce na celu doprowadzi\u0107 do niskokosztowego i jak najszybszego odzyskania nale\u017cno\u015bci poprzez przekonanie d\u0142u\u017cnika, \u017ce najlepszym rozwi\u0105zaniem b\u0119dzie dla niego dobrowolna sp\u0142ata zobowi\u0105za\u0144.<\/li>\n<li><strong>Post\u0119powanie s\u0105dowe<\/strong><br \/>\n\u2013 nasz zesp\u00f3\u0142 Prawny zajmuje si\u0119 wszystkimi czynno\u015bciami formalno-prawnymi zwi\u0105zanymi z przygotowaniem procesu. Reprezentujemy r\u00f3wnie\u017c naszego Klienta w s\u0105dzie. Na drodze post\u0119powania s\u0105dowego uzyskujemy nakaz zap\u0142aty oraz klauzul\u0119 wykonalno\u015bci wyroku.<\/li>\n<li><strong>Post\u0119powanie przed egzekucyjne<br \/>\n<\/strong>\u2013 przed przekazaniem sprawy do egzekucji komorniczej renegocjujemy warunki sp\u0142aty dochodzonej wierzytelno\u015bci, powi\u0119kszonej o op\u0142aty s\u0105dowe i koszta procesu.<\/li>\n<li><strong>Post\u0119powanie egzekucyjne<br \/>\n<\/strong>\u2013 poza czynno\u015bciami formalno-prawnymi przekazujemy zaprzyja\u017anionej kancelarii komorniczej wniosek o egzekucje, czuwamy nad prawid\u0142owym przebiegiem egzekucji. Czynno\u015bciami wspomagaj\u0105cymi egzekucje jest ustalenie maj\u0105tku d\u0142u\u017cnika. Po dokonaniu skutecznej egzekucji nasz Klient odzyskuje nale\u017cno\u015b\u0107 g\u0142\u00f3wn\u0105 wraz z odsetkami oraz kosztami s\u0105dowymi.<\/li>\n<\/ul>\n<p style=\"text-align: justify;\"><strong>Je\u015bli zostan\u0105 wyczerpane procedury dochodzenia nale\u017cno\u015bci, Veriv Gwarant przewiduje udzielenie gwarancji na odzyskanie p\u0142atno\u015bci.<\/strong><\/p>\n<p style=\"text-align: justify;\"><strong>WARUNKI GWARANCJI:<\/strong><\/p>\n<ul style=\"text-align: justify;\">\n<li><strong>wcze\u015bniejsze wykupienie gwarancji na p\u0142atno\u015b\u0107 danego kontrahenta<\/strong><br \/>\n\u2013 warunki udzielenia gwarancji oraz suma gwarancyjna ustalane s\u0105 indywidualnie (nie wszystkim kontrahent\u00f3w mo\u017cna udzieli\u0107 gwarancji p\u0142atno\u015bci);<\/li>\n<li><strong>sta\u0142a wsp\u00f3\u0142praca z nasz\u0105 kancelari\u0105<br \/>\n<\/strong>\u2013 okres, na kt\u00f3ry udzielamy gwarancji to jeden rok (mo\u017cliwe jest przed\u0142u\u017cenie na kolejny). W uzasadnionych przypadkach gwarancj\u0119 p\u0142atno\u015bci mo\u017cemy udzieli\u0107 na okres 6 miesi\u0119cy (z mo\u017cliwo\u015bci\u0105 przed\u0142u\u017cenia). Szczeg\u00f3\u0142owe informacje znajduj\u0105 si\u0119 w regulaminie gwarancyjnym Veriv Gwarant.<\/li>\n<\/ul>\n<h4 style=\"text-align: justify;\"><strong>Wst\u0119pna weryfikacja kontrahenta w po\u0142\u0105czeniu z monitoringiem p\u0142atno\u015bci pozwala uchroni\u0107 firm\u0119 przed zb\u0119dnymi stratami finansowymi.<\/strong>\u00a0<strong>Skorzystaj z pe\u0142nego Pakietu us\u0142ug Veriv S.A i mo\u017cliwo\u015bci jakie daje system SEIV:<\/strong><\/h4>\n<ul style=\"text-align: justify;\">\n<li>Wywiad terenowy z pe\u0142nym raportem wizji lokalnej<\/li>\n<li>Monitoring P\u0142atno\u015bci<\/li>\n<li>Ochrona Prawna<\/li>\n<li>Doradztwo Biznesowe<\/li>\n<li>Post\u0119powanie windykacyjne<\/li>\n<li>Zasilenie finansowe zabezpieczaj\u0105ce twoj\u0105 p\u0142ynno\u015b\u0107 finansow\u0105 ( po\u017cyczka, factoring lub przej\u0119cie wierzytelno\u015bci)<\/li>\n<li>Mo\u017cliwo\u015b\u0107 Gwarancji\u00a0<strong>!!! NOWO\u015a\u0106<\/strong><\/li>\n<\/ul>\n<p style=\"text-align: justify;\"><strong>Kancelaria gospodarcza Veriv S.A<\/strong>. zajmuje si\u0119 tak\u017ce windykacj\u0105 nale\u017cno\u015bci i wierzytelno\u015bci oraz rejestracj\u0105 i sprzeda\u017c\u0105 sp\u00f3\u0142ek. Nasi doradcy pozostaj\u0105 w ci\u0105g\u0142ej gotowo\u015bci.<\/p>\n<p style=\"text-align: justify;\">Zapraszamy do kontaktu!<\/p>\n","protected":false},"excerpt":{"rendered":"<p>MONITORING P\u0141ATNO\u015aCI \u2013 SKUTECZNE ZABEZPIECZENIE PRZEDSI\u0118BIORSTWA I JEGO FINANS\u00d3W Veriv S.A.\u00a0zapewnia profesjonalne us\u0142ugi z zakresu\u00a0monitoringu kontrahent\u00f3w i bezpiecze\u0144stwa transakcji handlowych.Potwierdzeniem wysokiej jako\u015bci \u015bwiadczonych us\u0142ug jest stosowany przez nas System Zarz\u0105dzania Jako\u015bci\u0105 (zgodny ze standardami ISO 9001). Posiadamy certyfikat zgodno\u015bci z norm\u0105 ISO\/IEC 27001 \u201eZarz\u0105dzanie bezpiecze\u0144stwem informacji\u201d, co oznacza, \u017ce gwarantujemy sprawn\u0105 i skuteczn\u0105 ochron\u0119 informacji [&hellip;]<\/p>\n","protected":false},"author":1,"featured_media":134224,"comment_status":"closed","ping_status":"open","sticky":false,"template":"","format":"standard","meta":{"footnotes":""},"categories":[28,34],"tags":[],"class_list":["post-134354","post","type-post","status-publish","format-standard","has-post-thumbnail","hentry","category-kancelaria-prawna-i-detektywistyczna","category-veriv-windykacja-naleznosci"],"yoast_head":"<!-- This site is optimized with the Yoast SEO plugin v23.4 - https:\/\/yoast.com\/wordpress\/plugins\/seo\/ -->\n<title>Monitoring nale\u017cno\u015bci \/ Prewencja i windykacja - Kancelaria Prawna \/ Adwokat, Radca Prawny, Detektyw<\/title>\n<meta name=\"robots\" content=\"index, follow, max-snippet:-1, max-image-preview:large, max-video-preview:-1\" \/>\n<link rel=\"canonical\" href=\"https:\/\/veriv.eu\/index.php\/2019\/04\/22\/monitoring-naleznosci-prewencja-i-windykacja\/\" \/>\n<meta property=\"og:locale\" content=\"pl_PL\" \/>\n<meta property=\"og:type\" content=\"article\" \/>\n<meta property=\"og:title\" content=\"Monitoring nale\u017cno\u015bci \/ Prewencja i windykacja - Kancelaria Prawna \/ Adwokat, Radca Prawny, Detektyw\" \/>\n<meta property=\"og:description\" content=\"MONITORING P\u0141ATNO\u015aCI \u2013 SKUTECZNE ZABEZPIECZENIE PRZEDSI\u0118BIORSTWA I JEGO FINANS\u00d3W Veriv S.A.\u00a0zapewnia profesjonalne us\u0142ugi z zakresu\u00a0monitoringu kontrahent\u00f3w i bezpiecze\u0144stwa transakcji handlowych.Potwierdzeniem wysokiej jako\u015bci \u015bwiadczonych us\u0142ug jest stosowany przez nas System Zarz\u0105dzania Jako\u015bci\u0105 (zgodny ze standardami ISO 9001). Posiadamy certyfikat zgodno\u015bci z norm\u0105 ISO\/IEC 27001 \u201eZarz\u0105dzanie bezpiecze\u0144stwem informacji\u201d, co oznacza, \u017ce gwarantujemy sprawn\u0105 i skuteczn\u0105 ochron\u0119 informacji [&hellip;]\" \/>\n<meta property=\"og:url\" content=\"https:\/\/veriv.eu\/index.php\/2019\/04\/22\/monitoring-naleznosci-prewencja-i-windykacja\/\" \/>\n<meta property=\"og:site_name\" content=\"Kancelaria Prawna \/ Adwokat, Radca Prawny, Detektyw\" \/>\n<meta property=\"article:author\" content=\"https:\/\/www.facebook.com\/veriv.s.a\/\" \/>\n<meta property=\"article:published_time\" content=\"2019-04-22T21:25:19+00:00\" \/>\n<meta property=\"article:modified_time\" content=\"2021-07-12T07:40:48+00:00\" \/>\n<meta property=\"og:image\" content=\"https:\/\/veriv.eu\/wp-content\/uploads\/2019\/04\/Monitoring-Naleznosci.png\" \/>\n\t<meta property=\"og:image:width\" content=\"1024\" \/>\n\t<meta property=\"og:image:height\" content=\"517\" \/>\n\t<meta property=\"og:image:type\" content=\"image\/png\" \/>\n<meta name=\"author\" content=\"VERIV\" \/>\n<meta name=\"twitter:card\" content=\"summary_large_image\" \/>\n<meta name=\"twitter:label1\" content=\"Napisane przez\" \/>\n\t<meta name=\"twitter:data1\" content=\"VERIV\" \/>\n\t<meta name=\"twitter:label2\" content=\"Szacowany czas czytania\" \/>\n\t<meta name=\"twitter:data2\" content=\"4 minuty\" \/>\n<script type=\"application\/ld+json\" class=\"yoast-schema-graph\">{\"@context\":\"https:\/\/schema.org\",\"@graph\":[{\"@type\":\"WebPage\",\"@id\":\"https:\/\/veriv.eu\/index.php\/2019\/04\/22\/monitoring-naleznosci-prewencja-i-windykacja\/\",\"url\":\"https:\/\/veriv.eu\/index.php\/2019\/04\/22\/monitoring-naleznosci-prewencja-i-windykacja\/\",\"name\":\"Monitoring nale\u017cno\u015bci \/ Prewencja i windykacja - Kancelaria Prawna \/ Adwokat, Radca Prawny, Detektyw\",\"isPartOf\":{\"@id\":\"https:\/\/veriv.eu\/#website\"},\"primaryImageOfPage\":{\"@id\":\"https:\/\/veriv.eu\/index.php\/2019\/04\/22\/monitoring-naleznosci-prewencja-i-windykacja\/#primaryimage\"},\"image\":{\"@id\":\"https:\/\/veriv.eu\/index.php\/2019\/04\/22\/monitoring-naleznosci-prewencja-i-windykacja\/#primaryimage\"},\"thumbnailUrl\":\"https:\/\/veriv.eu\/wp-content\/uploads\/2019\/04\/Monitoring-Naleznosci.png\",\"datePublished\":\"2019-04-22T21:25:19+00:00\",\"dateModified\":\"2021-07-12T07:40:48+00:00\",\"author\":{\"@id\":\"https:\/\/veriv.eu\/#\/schema\/person\/423552a3509eca4d7f912a129e38485e\"},\"breadcrumb\":{\"@id\":\"https:\/\/veriv.eu\/index.php\/2019\/04\/22\/monitoring-naleznosci-prewencja-i-windykacja\/#breadcrumb\"},\"inLanguage\":\"pl-PL\",\"potentialAction\":[{\"@type\":\"ReadAction\",\"target\":[\"https:\/\/veriv.eu\/index.php\/2019\/04\/22\/monitoring-naleznosci-prewencja-i-windykacja\/\"]}]},{\"@type\":\"ImageObject\",\"inLanguage\":\"pl-PL\",\"@id\":\"https:\/\/veriv.eu\/index.php\/2019\/04\/22\/monitoring-naleznosci-prewencja-i-windykacja\/#primaryimage\",\"url\":\"https:\/\/veriv.eu\/wp-content\/uploads\/2019\/04\/Monitoring-Naleznosci.png\",\"contentUrl\":\"https:\/\/veriv.eu\/wp-content\/uploads\/2019\/04\/Monitoring-Naleznosci.png\",\"width\":1024,\"height\":517},{\"@type\":\"BreadcrumbList\",\"@id\":\"https:\/\/veriv.eu\/index.php\/2019\/04\/22\/monitoring-naleznosci-prewencja-i-windykacja\/#breadcrumb\",\"itemListElement\":[{\"@type\":\"ListItem\",\"position\":1,\"name\":\"Strona g\u0142\u00f3wna\",\"item\":\"https:\/\/veriv.eu\/\"},{\"@type\":\"ListItem\",\"position\":2,\"name\":\"Monitoring nale\u017cno\u015bci \/ Prewencja i windykacja\"}]},{\"@type\":\"WebSite\",\"@id\":\"https:\/\/veriv.eu\/#website\",\"url\":\"https:\/\/veriv.eu\/\",\"name\":\"Kancelaria Prawna \/ Adwokat, Radca Prawny, Detektyw\",\"description\":\"Kancelaria Veriv\",\"potentialAction\":[{\"@type\":\"SearchAction\",\"target\":{\"@type\":\"EntryPoint\",\"urlTemplate\":\"https:\/\/veriv.eu\/?s={search_term_string}\"},\"query-input\":{\"@type\":\"PropertyValueSpecification\",\"valueRequired\":true,\"valueName\":\"search_term_string\"}}],\"inLanguage\":\"pl-PL\"},{\"@type\":\"Person\",\"@id\":\"https:\/\/veriv.eu\/#\/schema\/person\/423552a3509eca4d7f912a129e38485e\",\"name\":\"VERIV\",\"image\":{\"@type\":\"ImageObject\",\"inLanguage\":\"pl-PL\",\"@id\":\"https:\/\/veriv.eu\/#\/schema\/person\/image\/\",\"url\":\"https:\/\/secure.gravatar.com\/avatar\/fd09232202d88df8c7e56af87438fa2e?s=96&d=mm&r=g\",\"contentUrl\":\"https:\/\/secure.gravatar.com\/avatar\/fd09232202d88df8c7e56af87438fa2e?s=96&d=mm&r=g\",\"caption\":\"VERIV\"},\"sameAs\":[\"https:\/\/veriv.eu\",\"https:\/\/www.facebook.com\/veriv.s.a\/\",\"https:\/\/www.youtube.com\/results?search_query=jm+network+television\"],\"url\":\"https:\/\/veriv.eu\/index.php\/author\/admin\/\"}]}<\/script>\n<!-- \/ Yoast SEO plugin. -->","yoast_head_json":{"title":"Monitoring nale\u017cno\u015bci \/ Prewencja i windykacja - Kancelaria Prawna \/ Adwokat, Radca Prawny, Detektyw","robots":{"index":"index","follow":"follow","max-snippet":"max-snippet:-1","max-image-preview":"max-image-preview:large","max-video-preview":"max-video-preview:-1"},"canonical":"https:\/\/veriv.eu\/index.php\/2019\/04\/22\/monitoring-naleznosci-prewencja-i-windykacja\/","og_locale":"pl_PL","og_type":"article","og_title":"Monitoring nale\u017cno\u015bci \/ Prewencja i windykacja - Kancelaria Prawna \/ Adwokat, Radca Prawny, Detektyw","og_description":"MONITORING P\u0141ATNO\u015aCI \u2013 SKUTECZNE ZABEZPIECZENIE PRZEDSI\u0118BIORSTWA I JEGO FINANS\u00d3W Veriv S.A.\u00a0zapewnia profesjonalne us\u0142ugi z zakresu\u00a0monitoringu kontrahent\u00f3w i bezpiecze\u0144stwa transakcji handlowych.Potwierdzeniem wysokiej jako\u015bci \u015bwiadczonych us\u0142ug jest stosowany przez nas System Zarz\u0105dzania Jako\u015bci\u0105 (zgodny ze standardami ISO 9001). Posiadamy certyfikat zgodno\u015bci z norm\u0105 ISO\/IEC 27001 \u201eZarz\u0105dzanie bezpiecze\u0144stwem informacji\u201d, co oznacza, \u017ce gwarantujemy sprawn\u0105 i skuteczn\u0105 ochron\u0119 informacji [&hellip;]","og_url":"https:\/\/veriv.eu\/index.php\/2019\/04\/22\/monitoring-naleznosci-prewencja-i-windykacja\/","og_site_name":"Kancelaria Prawna \/ Adwokat, Radca Prawny, Detektyw","article_author":"https:\/\/www.facebook.com\/veriv.s.a\/","article_published_time":"2019-04-22T21:25:19+00:00","article_modified_time":"2021-07-12T07:40:48+00:00","og_image":[{"width":1024,"height":517,"url":"https:\/\/veriv.eu\/wp-content\/uploads\/2019\/04\/Monitoring-Naleznosci.png","type":"image\/png"}],"author":"VERIV","twitter_card":"summary_large_image","twitter_misc":{"Napisane przez":"VERIV","Szacowany czas czytania":"4 minuty"},"schema":{"@context":"https:\/\/schema.org","@graph":[{"@type":"WebPage","@id":"https:\/\/veriv.eu\/index.php\/2019\/04\/22\/monitoring-naleznosci-prewencja-i-windykacja\/","url":"https:\/\/veriv.eu\/index.php\/2019\/04\/22\/monitoring-naleznosci-prewencja-i-windykacja\/","name":"Monitoring nale\u017cno\u015bci \/ Prewencja i windykacja - Kancelaria Prawna \/ Adwokat, Radca Prawny, Detektyw","isPartOf":{"@id":"https:\/\/veriv.eu\/#website"},"primaryImageOfPage":{"@id":"https:\/\/veriv.eu\/index.php\/2019\/04\/22\/monitoring-naleznosci-prewencja-i-windykacja\/#primaryimage"},"image":{"@id":"https:\/\/veriv.eu\/index.php\/2019\/04\/22\/monitoring-naleznosci-prewencja-i-windykacja\/#primaryimage"},"thumbnailUrl":"https:\/\/veriv.eu\/wp-content\/uploads\/2019\/04\/Monitoring-Naleznosci.png","datePublished":"2019-04-22T21:25:19+00:00","dateModified":"2021-07-12T07:40:48+00:00","author":{"@id":"https:\/\/veriv.eu\/#\/schema\/person\/423552a3509eca4d7f912a129e38485e"},"breadcrumb":{"@id":"https:\/\/veriv.eu\/index.php\/2019\/04\/22\/monitoring-naleznosci-prewencja-i-windykacja\/#breadcrumb"},"inLanguage":"pl-PL","potentialAction":[{"@type":"ReadAction","target":["https:\/\/veriv.eu\/index.php\/2019\/04\/22\/monitoring-naleznosci-prewencja-i-windykacja\/"]}]},{"@type":"ImageObject","inLanguage":"pl-PL","@id":"https:\/\/veriv.eu\/index.php\/2019\/04\/22\/monitoring-naleznosci-prewencja-i-windykacja\/#primaryimage","url":"https:\/\/veriv.eu\/wp-content\/uploads\/2019\/04\/Monitoring-Naleznosci.png","contentUrl":"https:\/\/veriv.eu\/wp-content\/uploads\/2019\/04\/Monitoring-Naleznosci.png","width":1024,"height":517},{"@type":"BreadcrumbList","@id":"https:\/\/veriv.eu\/index.php\/2019\/04\/22\/monitoring-naleznosci-prewencja-i-windykacja\/#breadcrumb","itemListElement":[{"@type":"ListItem","position":1,"name":"Strona g\u0142\u00f3wna","item":"https:\/\/veriv.eu\/"},{"@type":"ListItem","position":2,"name":"Monitoring nale\u017cno\u015bci \/ Prewencja i windykacja"}]},{"@type":"WebSite","@id":"https:\/\/veriv.eu\/#website","url":"https:\/\/veriv.eu\/","name":"Kancelaria Prawna \/ Adwokat, Radca Prawny, Detektyw","description":"Kancelaria Veriv","potentialAction":[{"@type":"SearchAction","target":{"@type":"EntryPoint","urlTemplate":"https:\/\/veriv.eu\/?s={search_term_string}"},"query-input":{"@type":"PropertyValueSpecification","valueRequired":true,"valueName":"search_term_string"}}],"inLanguage":"pl-PL"},{"@type":"Person","@id":"https:\/\/veriv.eu\/#\/schema\/person\/423552a3509eca4d7f912a129e38485e","name":"VERIV","image":{"@type":"ImageObject","inLanguage":"pl-PL","@id":"https:\/\/veriv.eu\/#\/schema\/person\/image\/","url":"https:\/\/secure.gravatar.com\/avatar\/fd09232202d88df8c7e56af87438fa2e?s=96&d=mm&r=g","contentUrl":"https:\/\/secure.gravatar.com\/avatar\/fd09232202d88df8c7e56af87438fa2e?s=96&d=mm&r=g","caption":"VERIV"},"sameAs":["https:\/\/veriv.eu","https:\/\/www.facebook.com\/veriv.s.a\/","https:\/\/www.youtube.com\/results?search_query=jm+network+television"],"url":"https:\/\/veriv.eu\/index.php\/author\/admin\/"}]}},"_links":{"self":[{"href":"https:\/\/veriv.eu\/index.php\/wp-json\/wp\/v2\/posts\/134354","targetHints":{"allow":["GET"]}}],"collection":[{"href":"https:\/\/veriv.eu\/index.php\/wp-json\/wp\/v2\/posts"}],"about":[{"href":"https:\/\/veriv.eu\/index.php\/wp-json\/wp\/v2\/types\/post"}],"author":[{"embeddable":true,"href":"https:\/\/veriv.eu\/index.php\/wp-json\/wp\/v2\/users\/1"}],"replies":[{"embeddable":true,"href":"https:\/\/veriv.eu\/index.php\/wp-json\/wp\/v2\/comments?post=134354"}],"version-history":[{"count":0,"href":"https:\/\/veriv.eu\/index.php\/wp-json\/wp\/v2\/posts\/134354\/revisions"}],"wp:featuredmedia":[{"embeddable":true,"href":"https:\/\/veriv.eu\/index.php\/wp-json\/wp\/v2\/media\/134224"}],"wp:attachment":[{"href":"https:\/\/veriv.eu\/index.php\/wp-json\/wp\/v2\/media?parent=134354"}],"wp:term":[{"taxonomy":"category","embeddable":true,"href":"https:\/\/veriv.eu\/index.php\/wp-json\/wp\/v2\/categories?post=134354"},{"taxonomy":"post_tag","embeddable":true,"href":"https:\/\/veriv.eu\/index.php\/wp-json\/wp\/v2\/tags?post=134354"}],"curies":[{"name":"wp","href":"https:\/\/api.w.org\/{rel}","templated":true}]}}