{"id":134348,"date":"2019-04-22T23:10:11","date_gmt":"2019-04-22T21:10:11","guid":{"rendered":"http:\/\/veriv.pokrzywko.com\/?p=134348"},"modified":"2021-07-12T09:40:48","modified_gmt":"2021-07-12T07:40:48","slug":"biuro-detektywistyczne-veriv-to-jedyne-takie-biuro-w-kraju","status":"publish","type":"post","link":"https:\/\/veriv.eu\/index.php\/2019\/04\/22\/biuro-detektywistyczne-veriv-to-jedyne-takie-biuro-w-kraju\/","title":{"rendered":"Biuro Detektywistyczne Veriv to jedyne takie biuro w kraju"},"content":{"rendered":"<p style=\"text-align: justify;\"><strong>Biuro Detektywistyczne Veriv, to jedyne takie biuro w naszym kraju<\/strong><\/p>\n<p style=\"text-align: justify;\">Nasz profesjonalny zesp\u00f3\u0142 zajmuje si\u0119 og\u00f3ln\u0105 detektywistyk\u0105 od prostych spraw zwi\u0105zanych ze zdradami ma\u0142\u017ce\u0144skimi po skomplikowane sprawy zwi\u0105zane z przest\u0119pczo\u015bci\u0105 gospodarcz\u0105 jak i kryminaln\u0105. W praktyce wygl\u0105da to tak, \u017ce czego inni nie potrafi\u0105 zrobimy to my. Nasz wywiad dzia\u0142a na terenie kraju i Unii Europejskiej. Naszym atutem i domen\u0105 jest obszar zwi\u0105zany z przest\u0119pstwami gospodarczymi.<\/p>\n<p style=\"text-align: justify;\">Poszukujemy d\u0142u\u017cnik\u00f3w oraz ich maj\u0105tku. Gdy ju\u017c komornik umorzy spraw\u0119 i wydaje si\u0119 wszystkim, \u017ce z d\u0142u\u017cnika nic si\u0119 nie wyegzekwuje w\u00f3wczas nasi specjali\u015bci wkraczaj\u0105 do akcji. Detektywi, prawnicy i negocjatorzy w oparciu o zgromadzony materia\u0142 z operacji dochodzeniowo \u015bledczych oceniaj\u0105 mo\u017cliwo\u015bci odzyskania d\u0142ugu. W praktyce wygl\u0105da to tak, \u017ce je\u017celi d\u0142u\u017cnik celowo nie uregulowa\u0142 zad\u0142u\u017cenia i swingowa\u0142 swoje bankructwo w\u00f3wczas niemal na pewno uda nam si\u0119 odzyska\u0107 wierzytelno\u015b\u0107. W \u00a0takim przypadku dowiedziemy, \u017ce d\u0142u\u017cnik celowo i \u015bwiadomie narazi\u0142 swojego wierzyciela na niekorzystne rozporz\u0105dzenie maj\u0105tkiem.<\/p>\n<p style=\"text-align: justify;\">Nasi prawnicy b\u0119d\u0105 mogli w\u00f3wczas z\u0142o\u017cy\u0107 doniesienie do prokuratury przedstawiaj\u0105c profesjonalnie przygotowana dokumentacj\u0119 \u015bwiadcz\u0105c\u0105 o winie d\u0142u\u017cnika.\u00a0<b>W taki spos\u00f3b przygotowany materia\u0142 dowodowy z pewno\u015bci\u0105 pozwoli wymiarowi sprawiedliwo\u015bci przedstawi\u0107 zarzuty i nakaza\u0107 d\u0142u\u017cnikowi w post\u0119powaniu s\u0105dowym naprawienia szkody.<\/b><\/p>\n","protected":false},"excerpt":{"rendered":"<p>Biuro Detektywistyczne Veriv, to jedyne takie biuro w naszym kraju Nasz profesjonalny zesp\u00f3\u0142 zajmuje si\u0119 og\u00f3ln\u0105 detektywistyk\u0105 od prostych spraw zwi\u0105zanych ze zdradami ma\u0142\u017ce\u0144skimi po skomplikowane sprawy zwi\u0105zane z przest\u0119pczo\u015bci\u0105 gospodarcz\u0105 jak i kryminaln\u0105. W praktyce wygl\u0105da to tak, \u017ce czego inni nie potrafi\u0105 zrobimy to my. Nasz wywiad dzia\u0142a na terenie kraju i Unii [&hellip;]<\/p>\n","protected":false},"author":1,"featured_media":142002,"comment_status":"closed","ping_status":"open","sticky":false,"template":"","format":"standard","meta":{"footnotes":""},"categories":[28,32,33],"tags":[],"class_list":["post-134348","post","type-post","status-publish","format-standard","has-post-thumbnail","hentry","category-kancelaria-prawna-i-detektywistyczna","category-veriv-biuro-detektywistyczne","category-lowcy-afer-afery-gospodarcze"],"yoast_head":"<!-- This site is optimized with the Yoast SEO plugin v23.4 - https:\/\/yoast.com\/wordpress\/plugins\/seo\/ -->\n<title>Biuro Detektywistyczne Veriv to jedyne takie biuro w kraju - Kancelaria Prawna \/ Adwokat, Radca Prawny, Detektyw<\/title>\n<meta name=\"robots\" content=\"index, follow, max-snippet:-1, max-image-preview:large, max-video-preview:-1\" \/>\n<link rel=\"canonical\" href=\"https:\/\/veriv.eu\/index.php\/2019\/04\/22\/biuro-detektywistyczne-veriv-to-jedyne-takie-biuro-w-kraju\/\" \/>\n<meta property=\"og:locale\" content=\"pl_PL\" \/>\n<meta property=\"og:type\" content=\"article\" \/>\n<meta property=\"og:title\" content=\"Biuro Detektywistyczne Veriv to jedyne takie biuro w kraju - Kancelaria Prawna \/ Adwokat, Radca Prawny, Detektyw\" \/>\n<meta property=\"og:description\" content=\"Biuro Detektywistyczne Veriv, to jedyne takie biuro w naszym kraju Nasz profesjonalny zesp\u00f3\u0142 zajmuje si\u0119 og\u00f3ln\u0105 detektywistyk\u0105 od prostych spraw zwi\u0105zanych ze zdradami ma\u0142\u017ce\u0144skimi po skomplikowane sprawy zwi\u0105zane z przest\u0119pczo\u015bci\u0105 gospodarcz\u0105 jak i kryminaln\u0105. W praktyce wygl\u0105da to tak, \u017ce czego inni nie potrafi\u0105 zrobimy to my. Nasz wywiad dzia\u0142a na terenie kraju i Unii [&hellip;]\" \/>\n<meta property=\"og:url\" content=\"https:\/\/veriv.eu\/index.php\/2019\/04\/22\/biuro-detektywistyczne-veriv-to-jedyne-takie-biuro-w-kraju\/\" \/>\n<meta property=\"og:site_name\" content=\"Kancelaria Prawna \/ Adwokat, Radca Prawny, Detektyw\" \/>\n<meta property=\"article:author\" content=\"https:\/\/www.facebook.com\/veriv.s.a\/\" \/>\n<meta property=\"article:published_time\" content=\"2019-04-22T21:10:11+00:00\" \/>\n<meta property=\"article:modified_time\" content=\"2021-07-12T07:40:48+00:00\" \/>\n<meta property=\"og:image\" content=\"https:\/\/veriv.eu\/wp-content\/uploads\/2019\/04\/Lowcy-Afer-zdjecie.png\" \/>\n\t<meta property=\"og:image:width\" content=\"1722\" \/>\n\t<meta property=\"og:image:height\" content=\"726\" \/>\n\t<meta property=\"og:image:type\" content=\"image\/png\" \/>\n<meta name=\"author\" content=\"VERIV\" \/>\n<meta name=\"twitter:card\" content=\"summary_large_image\" \/>\n<meta name=\"twitter:label1\" content=\"Napisane przez\" \/>\n\t<meta name=\"twitter:data1\" content=\"VERIV\" \/>\n\t<meta name=\"twitter:label2\" content=\"Szacowany czas czytania\" \/>\n\t<meta name=\"twitter:data2\" content=\"1 minuta\" \/>\n<script type=\"application\/ld+json\" class=\"yoast-schema-graph\">{\"@context\":\"https:\/\/schema.org\",\"@graph\":[{\"@type\":\"WebPage\",\"@id\":\"https:\/\/veriv.eu\/index.php\/2019\/04\/22\/biuro-detektywistyczne-veriv-to-jedyne-takie-biuro-w-kraju\/\",\"url\":\"https:\/\/veriv.eu\/index.php\/2019\/04\/22\/biuro-detektywistyczne-veriv-to-jedyne-takie-biuro-w-kraju\/\",\"name\":\"Biuro Detektywistyczne Veriv to jedyne takie biuro w kraju - Kancelaria Prawna \/ Adwokat, Radca Prawny, Detektyw\",\"isPartOf\":{\"@id\":\"https:\/\/veriv.eu\/#website\"},\"primaryImageOfPage\":{\"@id\":\"https:\/\/veriv.eu\/index.php\/2019\/04\/22\/biuro-detektywistyczne-veriv-to-jedyne-takie-biuro-w-kraju\/#primaryimage\"},\"image\":{\"@id\":\"https:\/\/veriv.eu\/index.php\/2019\/04\/22\/biuro-detektywistyczne-veriv-to-jedyne-takie-biuro-w-kraju\/#primaryimage\"},\"thumbnailUrl\":\"https:\/\/veriv.eu\/wp-content\/uploads\/2019\/04\/Lowcy-Afer-zdjecie.png\",\"datePublished\":\"2019-04-22T21:10:11+00:00\",\"dateModified\":\"2021-07-12T07:40:48+00:00\",\"author\":{\"@id\":\"https:\/\/veriv.eu\/#\/schema\/person\/423552a3509eca4d7f912a129e38485e\"},\"breadcrumb\":{\"@id\":\"https:\/\/veriv.eu\/index.php\/2019\/04\/22\/biuro-detektywistyczne-veriv-to-jedyne-takie-biuro-w-kraju\/#breadcrumb\"},\"inLanguage\":\"pl-PL\",\"potentialAction\":[{\"@type\":\"ReadAction\",\"target\":[\"https:\/\/veriv.eu\/index.php\/2019\/04\/22\/biuro-detektywistyczne-veriv-to-jedyne-takie-biuro-w-kraju\/\"]}]},{\"@type\":\"ImageObject\",\"inLanguage\":\"pl-PL\",\"@id\":\"https:\/\/veriv.eu\/index.php\/2019\/04\/22\/biuro-detektywistyczne-veriv-to-jedyne-takie-biuro-w-kraju\/#primaryimage\",\"url\":\"https:\/\/veriv.eu\/wp-content\/uploads\/2019\/04\/Lowcy-Afer-zdjecie.png\",\"contentUrl\":\"https:\/\/veriv.eu\/wp-content\/uploads\/2019\/04\/Lowcy-Afer-zdjecie.png\",\"width\":1722,\"height\":726},{\"@type\":\"BreadcrumbList\",\"@id\":\"https:\/\/veriv.eu\/index.php\/2019\/04\/22\/biuro-detektywistyczne-veriv-to-jedyne-takie-biuro-w-kraju\/#breadcrumb\",\"itemListElement\":[{\"@type\":\"ListItem\",\"position\":1,\"name\":\"Strona g\u0142\u00f3wna\",\"item\":\"https:\/\/veriv.eu\/\"},{\"@type\":\"ListItem\",\"position\":2,\"name\":\"Biuro Detektywistyczne Veriv to jedyne takie biuro w kraju\"}]},{\"@type\":\"WebSite\",\"@id\":\"https:\/\/veriv.eu\/#website\",\"url\":\"https:\/\/veriv.eu\/\",\"name\":\"Kancelaria Prawna \/ Adwokat, Radca Prawny, Detektyw\",\"description\":\"Kancelaria Veriv\",\"potentialAction\":[{\"@type\":\"SearchAction\",\"target\":{\"@type\":\"EntryPoint\",\"urlTemplate\":\"https:\/\/veriv.eu\/?s={search_term_string}\"},\"query-input\":{\"@type\":\"PropertyValueSpecification\",\"valueRequired\":true,\"valueName\":\"search_term_string\"}}],\"inLanguage\":\"pl-PL\"},{\"@type\":\"Person\",\"@id\":\"https:\/\/veriv.eu\/#\/schema\/person\/423552a3509eca4d7f912a129e38485e\",\"name\":\"VERIV\",\"image\":{\"@type\":\"ImageObject\",\"inLanguage\":\"pl-PL\",\"@id\":\"https:\/\/veriv.eu\/#\/schema\/person\/image\/\",\"url\":\"https:\/\/secure.gravatar.com\/avatar\/fd09232202d88df8c7e56af87438fa2e?s=96&d=mm&r=g\",\"contentUrl\":\"https:\/\/secure.gravatar.com\/avatar\/fd09232202d88df8c7e56af87438fa2e?s=96&d=mm&r=g\",\"caption\":\"VERIV\"},\"sameAs\":[\"https:\/\/veriv.eu\",\"https:\/\/www.facebook.com\/veriv.s.a\/\",\"https:\/\/www.youtube.com\/results?search_query=jm+network+television\"],\"url\":\"https:\/\/veriv.eu\/index.php\/author\/admin\/\"}]}<\/script>\n<!-- \/ Yoast SEO plugin. -->","yoast_head_json":{"title":"Biuro Detektywistyczne Veriv to jedyne takie biuro w kraju - Kancelaria Prawna \/ Adwokat, Radca Prawny, Detektyw","robots":{"index":"index","follow":"follow","max-snippet":"max-snippet:-1","max-image-preview":"max-image-preview:large","max-video-preview":"max-video-preview:-1"},"canonical":"https:\/\/veriv.eu\/index.php\/2019\/04\/22\/biuro-detektywistyczne-veriv-to-jedyne-takie-biuro-w-kraju\/","og_locale":"pl_PL","og_type":"article","og_title":"Biuro Detektywistyczne Veriv to jedyne takie biuro w kraju - Kancelaria Prawna \/ Adwokat, Radca Prawny, Detektyw","og_description":"Biuro Detektywistyczne Veriv, to jedyne takie biuro w naszym kraju Nasz profesjonalny zesp\u00f3\u0142 zajmuje si\u0119 og\u00f3ln\u0105 detektywistyk\u0105 od prostych spraw zwi\u0105zanych ze zdradami ma\u0142\u017ce\u0144skimi po skomplikowane sprawy zwi\u0105zane z przest\u0119pczo\u015bci\u0105 gospodarcz\u0105 jak i kryminaln\u0105. W praktyce wygl\u0105da to tak, \u017ce czego inni nie potrafi\u0105 zrobimy to my. Nasz wywiad dzia\u0142a na terenie kraju i Unii [&hellip;]","og_url":"https:\/\/veriv.eu\/index.php\/2019\/04\/22\/biuro-detektywistyczne-veriv-to-jedyne-takie-biuro-w-kraju\/","og_site_name":"Kancelaria Prawna \/ Adwokat, Radca Prawny, Detektyw","article_author":"https:\/\/www.facebook.com\/veriv.s.a\/","article_published_time":"2019-04-22T21:10:11+00:00","article_modified_time":"2021-07-12T07:40:48+00:00","og_image":[{"width":1722,"height":726,"url":"https:\/\/veriv.eu\/wp-content\/uploads\/2019\/04\/Lowcy-Afer-zdjecie.png","type":"image\/png"}],"author":"VERIV","twitter_card":"summary_large_image","twitter_misc":{"Napisane przez":"VERIV","Szacowany czas czytania":"1 minuta"},"schema":{"@context":"https:\/\/schema.org","@graph":[{"@type":"WebPage","@id":"https:\/\/veriv.eu\/index.php\/2019\/04\/22\/biuro-detektywistyczne-veriv-to-jedyne-takie-biuro-w-kraju\/","url":"https:\/\/veriv.eu\/index.php\/2019\/04\/22\/biuro-detektywistyczne-veriv-to-jedyne-takie-biuro-w-kraju\/","name":"Biuro Detektywistyczne Veriv to jedyne takie biuro w kraju - Kancelaria Prawna \/ Adwokat, Radca Prawny, Detektyw","isPartOf":{"@id":"https:\/\/veriv.eu\/#website"},"primaryImageOfPage":{"@id":"https:\/\/veriv.eu\/index.php\/2019\/04\/22\/biuro-detektywistyczne-veriv-to-jedyne-takie-biuro-w-kraju\/#primaryimage"},"image":{"@id":"https:\/\/veriv.eu\/index.php\/2019\/04\/22\/biuro-detektywistyczne-veriv-to-jedyne-takie-biuro-w-kraju\/#primaryimage"},"thumbnailUrl":"https:\/\/veriv.eu\/wp-content\/uploads\/2019\/04\/Lowcy-Afer-zdjecie.png","datePublished":"2019-04-22T21:10:11+00:00","dateModified":"2021-07-12T07:40:48+00:00","author":{"@id":"https:\/\/veriv.eu\/#\/schema\/person\/423552a3509eca4d7f912a129e38485e"},"breadcrumb":{"@id":"https:\/\/veriv.eu\/index.php\/2019\/04\/22\/biuro-detektywistyczne-veriv-to-jedyne-takie-biuro-w-kraju\/#breadcrumb"},"inLanguage":"pl-PL","potentialAction":[{"@type":"ReadAction","target":["https:\/\/veriv.eu\/index.php\/2019\/04\/22\/biuro-detektywistyczne-veriv-to-jedyne-takie-biuro-w-kraju\/"]}]},{"@type":"ImageObject","inLanguage":"pl-PL","@id":"https:\/\/veriv.eu\/index.php\/2019\/04\/22\/biuro-detektywistyczne-veriv-to-jedyne-takie-biuro-w-kraju\/#primaryimage","url":"https:\/\/veriv.eu\/wp-content\/uploads\/2019\/04\/Lowcy-Afer-zdjecie.png","contentUrl":"https:\/\/veriv.eu\/wp-content\/uploads\/2019\/04\/Lowcy-Afer-zdjecie.png","width":1722,"height":726},{"@type":"BreadcrumbList","@id":"https:\/\/veriv.eu\/index.php\/2019\/04\/22\/biuro-detektywistyczne-veriv-to-jedyne-takie-biuro-w-kraju\/#breadcrumb","itemListElement":[{"@type":"ListItem","position":1,"name":"Strona g\u0142\u00f3wna","item":"https:\/\/veriv.eu\/"},{"@type":"ListItem","position":2,"name":"Biuro Detektywistyczne Veriv to jedyne takie biuro w kraju"}]},{"@type":"WebSite","@id":"https:\/\/veriv.eu\/#website","url":"https:\/\/veriv.eu\/","name":"Kancelaria Prawna \/ Adwokat, Radca Prawny, Detektyw","description":"Kancelaria Veriv","potentialAction":[{"@type":"SearchAction","target":{"@type":"EntryPoint","urlTemplate":"https:\/\/veriv.eu\/?s={search_term_string}"},"query-input":{"@type":"PropertyValueSpecification","valueRequired":true,"valueName":"search_term_string"}}],"inLanguage":"pl-PL"},{"@type":"Person","@id":"https:\/\/veriv.eu\/#\/schema\/person\/423552a3509eca4d7f912a129e38485e","name":"VERIV","image":{"@type":"ImageObject","inLanguage":"pl-PL","@id":"https:\/\/veriv.eu\/#\/schema\/person\/image\/","url":"https:\/\/secure.gravatar.com\/avatar\/fd09232202d88df8c7e56af87438fa2e?s=96&d=mm&r=g","contentUrl":"https:\/\/secure.gravatar.com\/avatar\/fd09232202d88df8c7e56af87438fa2e?s=96&d=mm&r=g","caption":"VERIV"},"sameAs":["https:\/\/veriv.eu","https:\/\/www.facebook.com\/veriv.s.a\/","https:\/\/www.youtube.com\/results?search_query=jm+network+television"],"url":"https:\/\/veriv.eu\/index.php\/author\/admin\/"}]}},"_links":{"self":[{"href":"https:\/\/veriv.eu\/index.php\/wp-json\/wp\/v2\/posts\/134348","targetHints":{"allow":["GET"]}}],"collection":[{"href":"https:\/\/veriv.eu\/index.php\/wp-json\/wp\/v2\/posts"}],"about":[{"href":"https:\/\/veriv.eu\/index.php\/wp-json\/wp\/v2\/types\/post"}],"author":[{"embeddable":true,"href":"https:\/\/veriv.eu\/index.php\/wp-json\/wp\/v2\/users\/1"}],"replies":[{"embeddable":true,"href":"https:\/\/veriv.eu\/index.php\/wp-json\/wp\/v2\/comments?post=134348"}],"version-history":[{"count":0,"href":"https:\/\/veriv.eu\/index.php\/wp-json\/wp\/v2\/posts\/134348\/revisions"}],"wp:featuredmedia":[{"embeddable":true,"href":"https:\/\/veriv.eu\/index.php\/wp-json\/wp\/v2\/media\/142002"}],"wp:attachment":[{"href":"https:\/\/veriv.eu\/index.php\/wp-json\/wp\/v2\/media?parent=134348"}],"wp:term":[{"taxonomy":"category","embeddable":true,"href":"https:\/\/veriv.eu\/index.php\/wp-json\/wp\/v2\/categories?post=134348"},{"taxonomy":"post_tag","embeddable":true,"href":"https:\/\/veriv.eu\/index.php\/wp-json\/wp\/v2\/tags?post=134348"}],"curies":[{"name":"wp","href":"https:\/\/api.w.org\/{rel}","templated":true}]}}