{"id":134339,"date":"2019-04-22T22:56:32","date_gmt":"2019-04-22T20:56:32","guid":{"rendered":"http:\/\/veriv.pokrzywko.com\/?p=134339"},"modified":"2021-07-12T09:40:48","modified_gmt":"2021-07-12T07:40:48","slug":"zespol-prywatnych-detektywow-w-poszukiwaniu-majatku-dluznika","status":"publish","type":"post","link":"https:\/\/veriv.eu\/index.php\/2019\/04\/22\/zespol-prywatnych-detektywow-w-poszukiwaniu-majatku-dluznika\/","title":{"rendered":"Zesp\u00f3\u0142 prywatnych detektyw\u00f3w w poszukiwaniu maj\u0105tku d\u0142u\u017cnika"},"content":{"rendered":"<p style=\"text-align: justify;\">W egzekwowaniu nale\u017cno\u015bci najtrudniejsze jest odnalezienie maj\u0105tku d\u0142u\u017cnika. Wierzyciele oraz komornicy nie posiadaj\u0105 wiedzy na temat rzeczywistych aktyw\u00f3w finansowych d\u0142u\u017cnika, co wyd\u0142u\u017ca czas \u015bci\u0105gni\u0119cia nale\u017cno\u015bci, a w efekcie mo\u017ce prowadzi\u0107 do zamro\u017cenia p\u0142ynno\u015bci finansowej wierzyciela.\u00a0<strong>Jeste\u015bmy w stanie w profesjonalny i szybki spos\u00f3b pom\u00f3c w poszukiwaniu maj\u0105tku.<\/strong><\/p>\n<p style=\"text-align: justify;\">Celem oferowanej przez nas us\u0142ugi jest\u00a0<strong>ujawnienie utajnionych sk\u0142adnik\u00f3w maj\u0105tku nieuczciwego kontrahenta.\u00a0<\/strong>Dzi\u0119ki temu znacznie wzrasta mo\u017cliwo\u015b\u0107 odzyskania d\u0142ugu i zredukowania koszt\u00f3w zwi\u0105zanych z egzekwowaniem nale\u017cno\u015bci.<\/p>\n<p style=\"text-align: justify;\"><strong>Wyszukiwanie maj\u0105tku<\/strong>\u00a0odbywa si\u0119 poprzez weryfikacj\u0119 wszelkich mo\u017cliwych kierunk\u00f3w ukrywania zasob\u00f3w maj\u0105tkowych d\u0142u\u017cnika.\u00a0<strong>Sprawdzamy, czy d\u0142u\u017cnik nie posiada utajnionych kont bankowych, ruchomo\u015bci i nieruchomo\u015bci, udzia\u0142\u00f3w w innych przedsi\u0119biorstwach lub z jakimi podmiotami gospodarczymi wsp\u00f3\u0142pracowa\u0142<\/strong>. Wszystkie nasza dzia\u0142ania s\u0105 nakierunkowane na znalezienie \u017ar\u00f3de\u0142 finansowych, kt\u00f3re mog\u0105 stanowi\u0107 rodzaj zap\u0142aty dla wierzyciela.<\/p>\n<p style=\"text-align: justify;\">Wszystkie czynno\u015bci ustalaj\u0105ce zako\u0144czone s\u0105 kompleksowym raportem, kt\u00f3ry opatrzony jest dokumentacj\u0105 zdj\u0119ciow\u0105. Uzyskane informacje przekazywane s\u0105 do komornika i stanowi\u0105 \u017ar\u00f3d\u0142o potencjalnych przedmiot\u00f3w egzekucji. Nasza dzia\u0142ania s\u0105 w pe\u0142ni legalne i opieraj\u0105 si\u0119 na publicznych informacjach.<\/p>\n<p style=\"text-align: justify;\">Dostosowujemy si\u0119 do potrzeb naszych klient\u00f3w, co pozwala na skuteczne i szybkie\u00a0<strong>odzyskanie maj\u0105tku od d\u0142u\u017cnika.<\/strong><\/p>\n","protected":false},"excerpt":{"rendered":"<p>W egzekwowaniu nale\u017cno\u015bci najtrudniejsze jest odnalezienie maj\u0105tku d\u0142u\u017cnika. Wierzyciele oraz komornicy nie posiadaj\u0105 wiedzy na temat rzeczywistych aktyw\u00f3w finansowych d\u0142u\u017cnika, co wyd\u0142u\u017ca czas \u015bci\u0105gni\u0119cia nale\u017cno\u015bci, a w efekcie mo\u017ce prowadzi\u0107 do zamro\u017cenia p\u0142ynno\u015bci finansowej wierzyciela.\u00a0Jeste\u015bmy w stanie w profesjonalny i szybki spos\u00f3b pom\u00f3c w poszukiwaniu maj\u0105tku. Celem oferowanej przez nas us\u0142ugi jest\u00a0ujawnienie utajnionych sk\u0142adnik\u00f3w maj\u0105tku [&hellip;]<\/p>\n","protected":false},"author":1,"featured_media":134228,"comment_status":"closed","ping_status":"open","sticky":false,"template":"","format":"standard","meta":{"footnotes":""},"categories":[28,32],"tags":[],"class_list":["post-134339","post","type-post","status-publish","format-standard","has-post-thumbnail","hentry","category-kancelaria-prawna-i-detektywistyczna","category-veriv-biuro-detektywistyczne"],"yoast_head":"<!-- This site is optimized with the Yoast SEO plugin v23.4 - https:\/\/yoast.com\/wordpress\/plugins\/seo\/ -->\n<title>Zesp\u00f3\u0142 prywatnych detektyw\u00f3w w poszukiwaniu maj\u0105tku d\u0142u\u017cnika - Kancelaria Prawna \/ Adwokat, Radca Prawny, Detektyw<\/title>\n<meta name=\"robots\" content=\"index, follow, max-snippet:-1, max-image-preview:large, max-video-preview:-1\" \/>\n<link rel=\"canonical\" href=\"https:\/\/veriv.eu\/index.php\/2019\/04\/22\/zespol-prywatnych-detektywow-w-poszukiwaniu-majatku-dluznika\/\" \/>\n<meta property=\"og:locale\" content=\"pl_PL\" \/>\n<meta property=\"og:type\" content=\"article\" \/>\n<meta property=\"og:title\" content=\"Zesp\u00f3\u0142 prywatnych detektyw\u00f3w w poszukiwaniu maj\u0105tku d\u0142u\u017cnika - Kancelaria Prawna \/ Adwokat, Radca Prawny, Detektyw\" \/>\n<meta property=\"og:description\" content=\"W egzekwowaniu nale\u017cno\u015bci najtrudniejsze jest odnalezienie maj\u0105tku d\u0142u\u017cnika. Wierzyciele oraz komornicy nie posiadaj\u0105 wiedzy na temat rzeczywistych aktyw\u00f3w finansowych d\u0142u\u017cnika, co wyd\u0142u\u017ca czas \u015bci\u0105gni\u0119cia nale\u017cno\u015bci, a w efekcie mo\u017ce prowadzi\u0107 do zamro\u017cenia p\u0142ynno\u015bci finansowej wierzyciela.\u00a0Jeste\u015bmy w stanie w profesjonalny i szybki spos\u00f3b pom\u00f3c w poszukiwaniu maj\u0105tku. Celem oferowanej przez nas us\u0142ugi jest\u00a0ujawnienie utajnionych sk\u0142adnik\u00f3w maj\u0105tku [&hellip;]\" \/>\n<meta property=\"og:url\" content=\"https:\/\/veriv.eu\/index.php\/2019\/04\/22\/zespol-prywatnych-detektywow-w-poszukiwaniu-majatku-dluznika\/\" \/>\n<meta property=\"og:site_name\" content=\"Kancelaria Prawna \/ Adwokat, Radca Prawny, Detektyw\" \/>\n<meta property=\"article:author\" content=\"https:\/\/www.facebook.com\/veriv.s.a\/\" \/>\n<meta property=\"article:published_time\" content=\"2019-04-22T20:56:32+00:00\" \/>\n<meta property=\"article:modified_time\" content=\"2021-07-12T07:40:48+00:00\" \/>\n<meta property=\"og:image\" content=\"https:\/\/veriv.eu\/wp-content\/uploads\/2019\/04\/Poszukiwanie-majatku-przez-Prywatny-Detektyw-Veriv-1.png\" \/>\n\t<meta property=\"og:image:width\" content=\"900\" \/>\n\t<meta property=\"og:image:height\" content=\"500\" \/>\n\t<meta property=\"og:image:type\" content=\"image\/png\" \/>\n<meta name=\"author\" content=\"VERIV\" \/>\n<meta name=\"twitter:card\" content=\"summary_large_image\" \/>\n<meta name=\"twitter:label1\" content=\"Napisane przez\" \/>\n\t<meta name=\"twitter:data1\" content=\"VERIV\" \/>\n\t<meta name=\"twitter:label2\" content=\"Szacowany czas czytania\" \/>\n\t<meta name=\"twitter:data2\" content=\"1 minuta\" \/>\n<script type=\"application\/ld+json\" class=\"yoast-schema-graph\">{\"@context\":\"https:\/\/schema.org\",\"@graph\":[{\"@type\":\"WebPage\",\"@id\":\"https:\/\/veriv.eu\/index.php\/2019\/04\/22\/zespol-prywatnych-detektywow-w-poszukiwaniu-majatku-dluznika\/\",\"url\":\"https:\/\/veriv.eu\/index.php\/2019\/04\/22\/zespol-prywatnych-detektywow-w-poszukiwaniu-majatku-dluznika\/\",\"name\":\"Zesp\u00f3\u0142 prywatnych detektyw\u00f3w w poszukiwaniu maj\u0105tku d\u0142u\u017cnika - Kancelaria Prawna \/ Adwokat, Radca Prawny, Detektyw\",\"isPartOf\":{\"@id\":\"https:\/\/veriv.eu\/#website\"},\"primaryImageOfPage\":{\"@id\":\"https:\/\/veriv.eu\/index.php\/2019\/04\/22\/zespol-prywatnych-detektywow-w-poszukiwaniu-majatku-dluznika\/#primaryimage\"},\"image\":{\"@id\":\"https:\/\/veriv.eu\/index.php\/2019\/04\/22\/zespol-prywatnych-detektywow-w-poszukiwaniu-majatku-dluznika\/#primaryimage\"},\"thumbnailUrl\":\"https:\/\/veriv.eu\/wp-content\/uploads\/2019\/04\/Poszukiwanie-majatku-przez-Prywatny-Detektyw-Veriv-1.png\",\"datePublished\":\"2019-04-22T20:56:32+00:00\",\"dateModified\":\"2021-07-12T07:40:48+00:00\",\"author\":{\"@id\":\"https:\/\/veriv.eu\/#\/schema\/person\/423552a3509eca4d7f912a129e38485e\"},\"breadcrumb\":{\"@id\":\"https:\/\/veriv.eu\/index.php\/2019\/04\/22\/zespol-prywatnych-detektywow-w-poszukiwaniu-majatku-dluznika\/#breadcrumb\"},\"inLanguage\":\"pl-PL\",\"potentialAction\":[{\"@type\":\"ReadAction\",\"target\":[\"https:\/\/veriv.eu\/index.php\/2019\/04\/22\/zespol-prywatnych-detektywow-w-poszukiwaniu-majatku-dluznika\/\"]}]},{\"@type\":\"ImageObject\",\"inLanguage\":\"pl-PL\",\"@id\":\"https:\/\/veriv.eu\/index.php\/2019\/04\/22\/zespol-prywatnych-detektywow-w-poszukiwaniu-majatku-dluznika\/#primaryimage\",\"url\":\"https:\/\/veriv.eu\/wp-content\/uploads\/2019\/04\/Poszukiwanie-majatku-przez-Prywatny-Detektyw-Veriv-1.png\",\"contentUrl\":\"https:\/\/veriv.eu\/wp-content\/uploads\/2019\/04\/Poszukiwanie-majatku-przez-Prywatny-Detektyw-Veriv-1.png\",\"width\":900,\"height\":500},{\"@type\":\"BreadcrumbList\",\"@id\":\"https:\/\/veriv.eu\/index.php\/2019\/04\/22\/zespol-prywatnych-detektywow-w-poszukiwaniu-majatku-dluznika\/#breadcrumb\",\"itemListElement\":[{\"@type\":\"ListItem\",\"position\":1,\"name\":\"Strona g\u0142\u00f3wna\",\"item\":\"https:\/\/veriv.eu\/\"},{\"@type\":\"ListItem\",\"position\":2,\"name\":\"Zesp\u00f3\u0142 prywatnych detektyw\u00f3w w poszukiwaniu maj\u0105tku d\u0142u\u017cnika\"}]},{\"@type\":\"WebSite\",\"@id\":\"https:\/\/veriv.eu\/#website\",\"url\":\"https:\/\/veriv.eu\/\",\"name\":\"Kancelaria Prawna \/ Adwokat, Radca Prawny, Detektyw\",\"description\":\"Kancelaria Veriv\",\"potentialAction\":[{\"@type\":\"SearchAction\",\"target\":{\"@type\":\"EntryPoint\",\"urlTemplate\":\"https:\/\/veriv.eu\/?s={search_term_string}\"},\"query-input\":{\"@type\":\"PropertyValueSpecification\",\"valueRequired\":true,\"valueName\":\"search_term_string\"}}],\"inLanguage\":\"pl-PL\"},{\"@type\":\"Person\",\"@id\":\"https:\/\/veriv.eu\/#\/schema\/person\/423552a3509eca4d7f912a129e38485e\",\"name\":\"VERIV\",\"image\":{\"@type\":\"ImageObject\",\"inLanguage\":\"pl-PL\",\"@id\":\"https:\/\/veriv.eu\/#\/schema\/person\/image\/\",\"url\":\"https:\/\/secure.gravatar.com\/avatar\/fd09232202d88df8c7e56af87438fa2e?s=96&d=mm&r=g\",\"contentUrl\":\"https:\/\/secure.gravatar.com\/avatar\/fd09232202d88df8c7e56af87438fa2e?s=96&d=mm&r=g\",\"caption\":\"VERIV\"},\"sameAs\":[\"https:\/\/veriv.eu\",\"https:\/\/www.facebook.com\/veriv.s.a\/\",\"https:\/\/www.youtube.com\/results?search_query=jm+network+television\"],\"url\":\"https:\/\/veriv.eu\/index.php\/author\/admin\/\"}]}<\/script>\n<!-- \/ Yoast SEO plugin. -->","yoast_head_json":{"title":"Zesp\u00f3\u0142 prywatnych detektyw\u00f3w w poszukiwaniu maj\u0105tku d\u0142u\u017cnika - Kancelaria Prawna \/ Adwokat, Radca Prawny, Detektyw","robots":{"index":"index","follow":"follow","max-snippet":"max-snippet:-1","max-image-preview":"max-image-preview:large","max-video-preview":"max-video-preview:-1"},"canonical":"https:\/\/veriv.eu\/index.php\/2019\/04\/22\/zespol-prywatnych-detektywow-w-poszukiwaniu-majatku-dluznika\/","og_locale":"pl_PL","og_type":"article","og_title":"Zesp\u00f3\u0142 prywatnych detektyw\u00f3w w poszukiwaniu maj\u0105tku d\u0142u\u017cnika - Kancelaria Prawna \/ Adwokat, Radca Prawny, Detektyw","og_description":"W egzekwowaniu nale\u017cno\u015bci najtrudniejsze jest odnalezienie maj\u0105tku d\u0142u\u017cnika. Wierzyciele oraz komornicy nie posiadaj\u0105 wiedzy na temat rzeczywistych aktyw\u00f3w finansowych d\u0142u\u017cnika, co wyd\u0142u\u017ca czas \u015bci\u0105gni\u0119cia nale\u017cno\u015bci, a w efekcie mo\u017ce prowadzi\u0107 do zamro\u017cenia p\u0142ynno\u015bci finansowej wierzyciela.\u00a0Jeste\u015bmy w stanie w profesjonalny i szybki spos\u00f3b pom\u00f3c w poszukiwaniu maj\u0105tku. Celem oferowanej przez nas us\u0142ugi jest\u00a0ujawnienie utajnionych sk\u0142adnik\u00f3w maj\u0105tku [&hellip;]","og_url":"https:\/\/veriv.eu\/index.php\/2019\/04\/22\/zespol-prywatnych-detektywow-w-poszukiwaniu-majatku-dluznika\/","og_site_name":"Kancelaria Prawna \/ Adwokat, Radca Prawny, Detektyw","article_author":"https:\/\/www.facebook.com\/veriv.s.a\/","article_published_time":"2019-04-22T20:56:32+00:00","article_modified_time":"2021-07-12T07:40:48+00:00","og_image":[{"width":900,"height":500,"url":"https:\/\/veriv.eu\/wp-content\/uploads\/2019\/04\/Poszukiwanie-majatku-przez-Prywatny-Detektyw-Veriv-1.png","type":"image\/png"}],"author":"VERIV","twitter_card":"summary_large_image","twitter_misc":{"Napisane przez":"VERIV","Szacowany czas czytania":"1 minuta"},"schema":{"@context":"https:\/\/schema.org","@graph":[{"@type":"WebPage","@id":"https:\/\/veriv.eu\/index.php\/2019\/04\/22\/zespol-prywatnych-detektywow-w-poszukiwaniu-majatku-dluznika\/","url":"https:\/\/veriv.eu\/index.php\/2019\/04\/22\/zespol-prywatnych-detektywow-w-poszukiwaniu-majatku-dluznika\/","name":"Zesp\u00f3\u0142 prywatnych detektyw\u00f3w w poszukiwaniu maj\u0105tku d\u0142u\u017cnika - Kancelaria Prawna \/ Adwokat, Radca Prawny, Detektyw","isPartOf":{"@id":"https:\/\/veriv.eu\/#website"},"primaryImageOfPage":{"@id":"https:\/\/veriv.eu\/index.php\/2019\/04\/22\/zespol-prywatnych-detektywow-w-poszukiwaniu-majatku-dluznika\/#primaryimage"},"image":{"@id":"https:\/\/veriv.eu\/index.php\/2019\/04\/22\/zespol-prywatnych-detektywow-w-poszukiwaniu-majatku-dluznika\/#primaryimage"},"thumbnailUrl":"https:\/\/veriv.eu\/wp-content\/uploads\/2019\/04\/Poszukiwanie-majatku-przez-Prywatny-Detektyw-Veriv-1.png","datePublished":"2019-04-22T20:56:32+00:00","dateModified":"2021-07-12T07:40:48+00:00","author":{"@id":"https:\/\/veriv.eu\/#\/schema\/person\/423552a3509eca4d7f912a129e38485e"},"breadcrumb":{"@id":"https:\/\/veriv.eu\/index.php\/2019\/04\/22\/zespol-prywatnych-detektywow-w-poszukiwaniu-majatku-dluznika\/#breadcrumb"},"inLanguage":"pl-PL","potentialAction":[{"@type":"ReadAction","target":["https:\/\/veriv.eu\/index.php\/2019\/04\/22\/zespol-prywatnych-detektywow-w-poszukiwaniu-majatku-dluznika\/"]}]},{"@type":"ImageObject","inLanguage":"pl-PL","@id":"https:\/\/veriv.eu\/index.php\/2019\/04\/22\/zespol-prywatnych-detektywow-w-poszukiwaniu-majatku-dluznika\/#primaryimage","url":"https:\/\/veriv.eu\/wp-content\/uploads\/2019\/04\/Poszukiwanie-majatku-przez-Prywatny-Detektyw-Veriv-1.png","contentUrl":"https:\/\/veriv.eu\/wp-content\/uploads\/2019\/04\/Poszukiwanie-majatku-przez-Prywatny-Detektyw-Veriv-1.png","width":900,"height":500},{"@type":"BreadcrumbList","@id":"https:\/\/veriv.eu\/index.php\/2019\/04\/22\/zespol-prywatnych-detektywow-w-poszukiwaniu-majatku-dluznika\/#breadcrumb","itemListElement":[{"@type":"ListItem","position":1,"name":"Strona g\u0142\u00f3wna","item":"https:\/\/veriv.eu\/"},{"@type":"ListItem","position":2,"name":"Zesp\u00f3\u0142 prywatnych detektyw\u00f3w w poszukiwaniu maj\u0105tku d\u0142u\u017cnika"}]},{"@type":"WebSite","@id":"https:\/\/veriv.eu\/#website","url":"https:\/\/veriv.eu\/","name":"Kancelaria Prawna \/ Adwokat, Radca Prawny, Detektyw","description":"Kancelaria Veriv","potentialAction":[{"@type":"SearchAction","target":{"@type":"EntryPoint","urlTemplate":"https:\/\/veriv.eu\/?s={search_term_string}"},"query-input":{"@type":"PropertyValueSpecification","valueRequired":true,"valueName":"search_term_string"}}],"inLanguage":"pl-PL"},{"@type":"Person","@id":"https:\/\/veriv.eu\/#\/schema\/person\/423552a3509eca4d7f912a129e38485e","name":"VERIV","image":{"@type":"ImageObject","inLanguage":"pl-PL","@id":"https:\/\/veriv.eu\/#\/schema\/person\/image\/","url":"https:\/\/secure.gravatar.com\/avatar\/fd09232202d88df8c7e56af87438fa2e?s=96&d=mm&r=g","contentUrl":"https:\/\/secure.gravatar.com\/avatar\/fd09232202d88df8c7e56af87438fa2e?s=96&d=mm&r=g","caption":"VERIV"},"sameAs":["https:\/\/veriv.eu","https:\/\/www.facebook.com\/veriv.s.a\/","https:\/\/www.youtube.com\/results?search_query=jm+network+television"],"url":"https:\/\/veriv.eu\/index.php\/author\/admin\/"}]}},"_links":{"self":[{"href":"https:\/\/veriv.eu\/index.php\/wp-json\/wp\/v2\/posts\/134339","targetHints":{"allow":["GET"]}}],"collection":[{"href":"https:\/\/veriv.eu\/index.php\/wp-json\/wp\/v2\/posts"}],"about":[{"href":"https:\/\/veriv.eu\/index.php\/wp-json\/wp\/v2\/types\/post"}],"author":[{"embeddable":true,"href":"https:\/\/veriv.eu\/index.php\/wp-json\/wp\/v2\/users\/1"}],"replies":[{"embeddable":true,"href":"https:\/\/veriv.eu\/index.php\/wp-json\/wp\/v2\/comments?post=134339"}],"version-history":[{"count":0,"href":"https:\/\/veriv.eu\/index.php\/wp-json\/wp\/v2\/posts\/134339\/revisions"}],"wp:featuredmedia":[{"embeddable":true,"href":"https:\/\/veriv.eu\/index.php\/wp-json\/wp\/v2\/media\/134228"}],"wp:attachment":[{"href":"https:\/\/veriv.eu\/index.php\/wp-json\/wp\/v2\/media?parent=134339"}],"wp:term":[{"taxonomy":"category","embeddable":true,"href":"https:\/\/veriv.eu\/index.php\/wp-json\/wp\/v2\/categories?post=134339"},{"taxonomy":"post_tag","embeddable":true,"href":"https:\/\/veriv.eu\/index.php\/wp-json\/wp\/v2\/tags?post=134339"}],"curies":[{"name":"wp","href":"https:\/\/api.w.org\/{rel}","templated":true}]}}