{"id":134335,"date":"2019-04-22T22:52:16","date_gmt":"2019-04-22T20:52:16","guid":{"rendered":"http:\/\/veriv.pokrzywko.com\/?p=134335"},"modified":"2021-07-12T09:40:48","modified_gmt":"2021-07-12T07:40:48","slug":"audyt-bezpieczenstwa-oszacowanie-ryzyka-firmy","status":"publish","type":"post","link":"https:\/\/veriv.eu\/index.php\/2019\/04\/22\/audyt-bezpieczenstwa-oszacowanie-ryzyka-firmy\/","title":{"rendered":"Audyt Bezpiecze\u0144stwa, oszacowanie ryzyka firmy&#8230;"},"content":{"rendered":"<p style=\"text-align: justify;\"><strong>Celem prowadzenia audyt\u00f3w bezpiecze\u0144stwa<\/strong>\u00a0jest ocena zgodno\u015bci dzia\u0142a\u0144 organizacji z okre\u015blonymi standardami, usprawnienie jego dzia\u0142alno\u015bci poprzez wskazanie s\u0142abych punkt\u00f3w w dzia\u0142aniu organizacji. Nasi audytorzy to specjali\u015bci w zakresie swojej wiedzy, kt\u00f3rzy mog\u0105 pochwali\u0107 si\u0119 do\u015bwiadczeniem i wiedz\u0105 praktyczn\u0105. Us\u0142ugi audytor\u00f3w skierowane s\u0105 do przedsi\u0119biorstw, kt\u00f3rym zale\u017cy na najwy\u017cszych standardach bezpiecze\u0144stwa.<\/p>\n<p style=\"text-align: justify;\"><strong>CELE AUDYT\u00d3W BEZPIECZE\u0143STWA:<\/strong><\/p>\n<ul style=\"text-align: justify;\">\n<li>weryfikacja stopnia spe\u0142nienia wymaga\u0144 wyznaczonych przez przepisy i normy o bezpiecze\u0144stwie w przedsi\u0119biorstwie,<\/li>\n<li>oszacowanie ryzyka dla przedsi\u0119biorstwa, kt\u00f3re wynika z niespe\u0142nienia wymaga\u0144 lub niew\u0142a\u015bciwej ich realizacji,<\/li>\n<li>badanie skuteczno\u015bci wdro\u017conych procedur bezpiecze\u0144stwa,<\/li>\n<li>identyfikowanie b\u0142\u0119d\u00f3w w zakresie przyj\u0119tych przez firm\u0119 procedur bezpiecze\u0144stwa i informowanie o nich,<\/li>\n<li>wskazanie mo\u017cliwo\u015bci udoskonalenia systemu bezpiecze\u0144stwa.<\/li>\n<\/ul>\n<p style=\"text-align: justify;\">Nasza firma prowadzi\u00a0<strong>niezale\u017cn\u0105 ocen\u0119 przedsi\u0119biorstwa<\/strong>\u00a0\u2013 prowadzone audyty maj\u0105 charakter og\u00f3lny lub specjalistyczny w zakresie szczeg\u00f3\u0142owych obszar\u00f3w bezpiecze\u0144stw. Ocena prowadzona jest przez specjalist\u00f3w w poszczeg\u00f3lnych dziedzinach bezpiecze\u0144stwa, a tak\u017ce przez osoby, kt\u00f3re posiadaj\u0105 do\u015bwiadczenie zawodowe w tym kierunku i odpowiednie uprawnienia w zakresie:<\/p>\n<ul style=\"text-align: justify;\">\n<li><strong>bezpiecze\u0144stwa informatycznego<\/strong>\u00a0wed\u0142ug PN-ISO\/IEC 27001,<\/li>\n<li>ochrony informacji niejawnych (wdra\u017canie \u015awiadectwa Bezpiecze\u0144stwa Przemys\u0142owego, organizacji kancelarii niejawnych oraz system\u00f3w teleinformatycznych do przetwarzania informacji niejawnych),<\/li>\n<li>organizacji i ochrony danych osobowych,<\/li>\n<li>projektowania i wdra\u017cania system\u00f3w informacji strategicznej (SIS),<\/li>\n<li>zabezpieczenia system\u00f3w informatycznych, oceny stanu zabezpiecze\u0144, wdra\u017cania SWB i PBE.<\/li>\n<\/ul>\n<p style=\"text-align: justify;\"><strong>AUDYT OG\u00d3LNY<\/strong><\/p>\n<p style=\"text-align: justify;\">Celem jest przedstawienie uwiarygodnionych informacji na temat bezpiecze\u0144stwa poprzez wydanie opinii i raportu niezale\u017cnego bieg\u0142ego rewidenta w tym obszarze.\u00a0<strong>Audyt og\u00f3lny\u00a0<\/strong>sk\u0142ada si\u0119 z nast\u0119puj\u0105cych czynno\u015bci:<\/p>\n<ul style=\"text-align: justify;\">\n<li>analiza dokumentacji stanowi\u0105cej podstaw\u0119 funkcjonowania bezpiecze\u0144stwa w firmie,<\/li>\n<li>ca\u0142o\u015bciowa ocena systemu bezpiecze\u0144stwa w firmie;<\/li>\n<li>ewaluacja przyj\u0119tych rozwi\u0105za\u0144 organizacyjnych;<\/li>\n<li>ocena struktury bezpiecze\u0144stwa i jej wydajno\u015bci,<\/li>\n<li>okre\u015blenie mo\u017cliwych zagro\u017ce\u0144,<\/li>\n<li>wskazanie obszar\u00f3w, kt\u00f3re s\u0105 zbyt ma\u0142o chronione,<\/li>\n<li>wyznaczenie czynno\u015bci koniecznych do stworzenia kompleksowego systemu bezpiecze\u0144stwa.<\/li>\n<\/ul>\n<p style=\"text-align: justify;\"><strong>AUDYT SZCZEG\u00d3\u0141OWYCH OBSZAR\u00d3W BEZPIECZE\u0143STWA<\/strong><\/p>\n<p style=\"text-align: justify;\">Zakres dzia\u0142ania audytor w zakresie szczeg\u00f3\u0142owych obszar\u00f3w bezpiecze\u0144stwa ka\u017cdorazowo okre\u015blany jest indywidualnie dla ka\u017cdego przedsi\u0119biorstwa, wed\u0142ug wst\u0119pnych ustale\u0144 i wskaz\u00f3wek od zleceniodawcy.<\/p>\n<p style=\"text-align: justify;\">W ramach audytu szczeg\u00f3\u0142owego wykonywana jest kontrola obszar\u00f3w, kt\u00f3re uznane s\u0105 za szczeg\u00f3lnie wa\u017cne dla interes\u00f3w firmy i jej bezpiecze\u0144stwa. Efektem audytu szczeg\u00f3\u0142owych obszar\u00f3w bezpiecze\u0144stwa jest opinia i raport niezale\u017cnego bieg\u0142ego rewidenta w tym obszarze.<\/p>\n<p style=\"text-align: justify;\"><strong>AUDYT BEZPIECZE\u0143STWA ORGAN\u00d3W ZARZ\u0104DZAJ\u0104CYCH<\/strong><\/p>\n<p style=\"text-align: justify;\">Nasza firma oferuje audyty bezpiecze\u0144stwa organ\u00f3w zarz\u0105dzaj\u0105cych. Zakres prowadzonych dzia\u0142a\u0144 przebiega w nast\u0119puj\u0105cej kolejno\u015bci:<\/p>\n<ul style=\"text-align: justify;\">\n<li>analiza zastanej sytuacji w zakresie bezpiecze\u0144stwa cz\u0142onk\u00f3w zarz\u0105du firmy,<\/li>\n<li>badanie os\u00f3b, kt\u00f3re posiadaj\u0105 dost\u0119p do informacji tajnych i niejawnych pod wzgl\u0119dem ich wiarygodno\u015bci i lojalno\u015bci (badania poligraficzne, testy psychologiczne, ustalenia osobowe i inne),<\/li>\n<li>ewaluacja dzia\u0142a\u0144 o charakterze rekonesansu, kt\u00f3re s\u0105 realizowane na rzecz zapewnienia bezpiecze\u0144stwa Zarz\u0105du,<\/li>\n<li><strong>ewaluacja przyj\u0119tych rozwi\u0105za\u0144 prawnych<\/strong>\u00a0oraz organizacyjnych, kt\u00f3re maj\u0105 zapewni\u0107 bezpiecze\u0144stwo cz\u0142onk\u00f3w Zarz\u0105du, os\u00f3b, kt\u00f3re bezpo\u015brednio wsp\u00f3\u0142pracuj\u0105 z Zarz\u0105dem, ale tak\u017ce os\u00f3b, kt\u00f3re maj\u0105 dost\u0119p do wa\u017cnych informacji,<\/li>\n<li>ewaluacja zastosowanych w pomieszczeniach u\u017cywanych przez Zarz\u0105d i inne osoby zabezpiecze\u0144 mechanicznych i technicznych, kt\u00f3re maja zapewni\u0107 bezpiecze\u0144stwo tajemnicom firmowym,<\/li>\n<li>ocena dzia\u0142a\u0144 prewencyjnych zwi\u0105zanych z ochron\u0105 cz\u0142onk\u00f3w Zarz\u0105du i os\u00f3b, kt\u00f3re maj\u0105 dost\u0119p do informacji na wypadek pr\u00f3b oddzia\u0142ywania, szpiegowania i korupcji,<\/li>\n<li>ocena przyj\u0119tych rozwi\u0105za\u0144 w zakresie ochrony fizycznej pomieszcze\u0144, kt\u00f3re s\u0105 zajmowane przez Zarz\u0105d i osoby posiadaj\u0105ce dost\u0119p do poufnych i niejawnych informacji, kontroli dost\u0119pu i bezpiecze\u0144stwa do nich,<\/li>\n<li>ocena realizowanych w przedsi\u0119biorstwie dzia\u0142a\u0144 prewencyjnych,<\/li>\n<li>okre\u015blenie mo\u017cliwych dzia\u0142a\u0144 osobowych, kt\u00f3re mog\u0105 stanowi\u0107 symptomy wrogich dzia\u0142a\u0144, kt\u00f3rych zamiarem jest nieuprawnione pozyskanie informacji lub wywarcie wp\u0142ywu na osoby decyzyjne,<\/li>\n<li><strong>wskazanie kana\u0142\u00f3w wyciekania informacji<\/strong>\u00a0na skutek dzia\u0142a\u0144 o charakterze inwigilacyjnym w pomieszczeniach, kt\u00f3re zajmuj\u0105 cz\u0142onkowie Zarz\u0105du, pomieszczeniach przeznaczonych do prowadzenia rozm\u00f3w i negocjacji lub odpraw kierowniczych \u2013 badania antyinwigilacyjne,<\/li>\n<li>wskazanie potencjalnych i realnych zagro\u017ce\u0144 dla bezpiecze\u0144stwa osobowego cz\u0142onk\u00f3w Zarz\u0105du,<\/li>\n<li>wyznaczenie dzia\u0142a\u0144 koniecznych do zrealizowania, kt\u00f3rych celem jest przekszta\u0142cenie lub polepszenie systemu bezpiecze\u0144stwa organ\u00f3w zarz\u0105dzaj\u0105cych przedsi\u0119biorstwem, w tym tak\u017ce dzia\u0142ania prewencyjne.<\/li>\n<\/ul>\n<p style=\"text-align: justify;\"><strong>Audyt bezpiecze\u0144stwa Cz\u0142onk\u00f3w Zarz\u0105du<\/strong>\u00a0przeprowadzany jest przez niezale\u017cnego bieg\u0142ego rzeczoznawcy w tym zakresie. Efektem tego audytu jest kompletny raport, kt\u00f3ry wskazuje s\u0142abe strony w zakresie ochrony cz\u0142onk\u00f3w Zarz\u0105du i os\u00f3b posiadaj\u0105cych dost\u0119p do informacji tajnych i niejawnych.<\/p>\n<p style=\"text-align: justify;\"><strong>AUDYT BEZPIECZE\u0143STWA OSOBOWEGO<\/strong><\/p>\n<p style=\"text-align: justify;\">W ramach audytu bezpiecze\u0144stwa osobowego dokonuje si\u0119:<\/p>\n<ul style=\"text-align: justify;\">\n<li>oceny procedur prowadzenia rekrutacji na wolne stanowiska pracy,<\/li>\n<li>ewaluacji kontroli pracownik\u00f3w,<\/li>\n<li>kategoryzacji wszystkich zatrudnionych os\u00f3b na grupy, kt\u00f3re nale\u017cy obj\u0105\u0107 konkretnymi dzia\u0142aniami kontrolnymi,<\/li>\n<li>oznaczenia zagro\u017ce\u0144, na kt\u00f3re pracownik mo\u017ce by\u0107 podatny, na przyk\u0142ad wp\u0142yw konkurencji, przest\u0119pczo\u015b\u0107 zorganizowana i pospolita,<\/li>\n<li>realizacjidzia\u0142a\u0144 kontrolnych wobec wskazanych pracownik\u00f3w.<\/li>\n<\/ul>\n<p style=\"text-align: justify;\">Rezultatem prac bieg\u0142ych rewident\u00f3w we wskazanym obszarze jest niezale\u017cny raport, kt\u00f3ry opiniuje dzia\u0142ania zwi\u0105zane z zapewnieniem bezpiecze\u0144stwa osobowego w przedsi\u0119biorstwie.<\/p>\n","protected":false},"excerpt":{"rendered":"<p>Celem prowadzenia audyt\u00f3w bezpiecze\u0144stwa\u00a0jest ocena zgodno\u015bci dzia\u0142a\u0144 organizacji z okre\u015blonymi standardami, usprawnienie jego dzia\u0142alno\u015bci poprzez wskazanie s\u0142abych punkt\u00f3w w dzia\u0142aniu organizacji. Nasi audytorzy to specjali\u015bci w zakresie swojej wiedzy, kt\u00f3rzy mog\u0105 pochwali\u0107 si\u0119 do\u015bwiadczeniem i wiedz\u0105 praktyczn\u0105. Us\u0142ugi audytor\u00f3w skierowane s\u0105 do przedsi\u0119biorstw, kt\u00f3rym zale\u017cy na najwy\u017cszych standardach bezpiecze\u0144stwa. CELE AUDYT\u00d3W BEZPIECZE\u0143STWA: weryfikacja stopnia spe\u0142nienia [&hellip;]<\/p>\n","protected":false},"author":1,"featured_media":134209,"comment_status":"closed","ping_status":"open","sticky":false,"template":"","format":"standard","meta":{"footnotes":""},"categories":[28,32],"tags":[],"class_list":["post-134335","post","type-post","status-publish","format-standard","has-post-thumbnail","hentry","category-kancelaria-prawna-i-detektywistyczna","category-veriv-biuro-detektywistyczne"],"yoast_head":"<!-- This site is optimized with the Yoast SEO plugin v23.4 - https:\/\/yoast.com\/wordpress\/plugins\/seo\/ -->\n<title>Audyt Bezpiecze\u0144stwa, oszacowanie ryzyka firmy... - Kancelaria Prawna \/ Adwokat, Radca Prawny, Detektyw<\/title>\n<meta name=\"robots\" content=\"index, follow, max-snippet:-1, max-image-preview:large, max-video-preview:-1\" \/>\n<link rel=\"canonical\" href=\"https:\/\/veriv.eu\/index.php\/2019\/04\/22\/audyt-bezpieczenstwa-oszacowanie-ryzyka-firmy\/\" \/>\n<meta property=\"og:locale\" content=\"pl_PL\" \/>\n<meta property=\"og:type\" content=\"article\" \/>\n<meta property=\"og:title\" content=\"Audyt Bezpiecze\u0144stwa, oszacowanie ryzyka firmy... - Kancelaria Prawna \/ Adwokat, Radca Prawny, Detektyw\" \/>\n<meta property=\"og:description\" content=\"Celem prowadzenia audyt\u00f3w bezpiecze\u0144stwa\u00a0jest ocena zgodno\u015bci dzia\u0142a\u0144 organizacji z okre\u015blonymi standardami, usprawnienie jego dzia\u0142alno\u015bci poprzez wskazanie s\u0142abych punkt\u00f3w w dzia\u0142aniu organizacji. Nasi audytorzy to specjali\u015bci w zakresie swojej wiedzy, kt\u00f3rzy mog\u0105 pochwali\u0107 si\u0119 do\u015bwiadczeniem i wiedz\u0105 praktyczn\u0105. Us\u0142ugi audytor\u00f3w skierowane s\u0105 do przedsi\u0119biorstw, kt\u00f3rym zale\u017cy na najwy\u017cszych standardach bezpiecze\u0144stwa. CELE AUDYT\u00d3W BEZPIECZE\u0143STWA: weryfikacja stopnia spe\u0142nienia [&hellip;]\" \/>\n<meta property=\"og:url\" content=\"https:\/\/veriv.eu\/index.php\/2019\/04\/22\/audyt-bezpieczenstwa-oszacowanie-ryzyka-firmy\/\" \/>\n<meta property=\"og:site_name\" content=\"Kancelaria Prawna \/ Adwokat, Radca Prawny, Detektyw\" \/>\n<meta property=\"article:author\" content=\"https:\/\/www.facebook.com\/veriv.s.a\/\" \/>\n<meta property=\"article:published_time\" content=\"2019-04-22T20:52:16+00:00\" \/>\n<meta property=\"article:modified_time\" content=\"2021-07-12T07:40:48+00:00\" \/>\n<meta property=\"og:image\" content=\"https:\/\/veriv.eu\/wp-content\/uploads\/2019\/04\/Audyt-Bezpieczenstwa-w-Veriv-Prywatny-Detektyw-1.jpg\" \/>\n\t<meta property=\"og:image:width\" content=\"1024\" \/>\n\t<meta property=\"og:image:height\" content=\"671\" \/>\n\t<meta property=\"og:image:type\" content=\"image\/jpeg\" \/>\n<meta name=\"author\" content=\"VERIV\" \/>\n<meta name=\"twitter:card\" content=\"summary_large_image\" \/>\n<meta name=\"twitter:label1\" content=\"Napisane przez\" \/>\n\t<meta name=\"twitter:data1\" content=\"VERIV\" \/>\n\t<meta name=\"twitter:label2\" content=\"Szacowany czas czytania\" \/>\n\t<meta name=\"twitter:data2\" content=\"5 minut\" \/>\n<script type=\"application\/ld+json\" class=\"yoast-schema-graph\">{\"@context\":\"https:\/\/schema.org\",\"@graph\":[{\"@type\":\"WebPage\",\"@id\":\"https:\/\/veriv.eu\/index.php\/2019\/04\/22\/audyt-bezpieczenstwa-oszacowanie-ryzyka-firmy\/\",\"url\":\"https:\/\/veriv.eu\/index.php\/2019\/04\/22\/audyt-bezpieczenstwa-oszacowanie-ryzyka-firmy\/\",\"name\":\"Audyt Bezpiecze\u0144stwa, oszacowanie ryzyka firmy... - Kancelaria Prawna \/ Adwokat, Radca Prawny, Detektyw\",\"isPartOf\":{\"@id\":\"https:\/\/veriv.eu\/#website\"},\"primaryImageOfPage\":{\"@id\":\"https:\/\/veriv.eu\/index.php\/2019\/04\/22\/audyt-bezpieczenstwa-oszacowanie-ryzyka-firmy\/#primaryimage\"},\"image\":{\"@id\":\"https:\/\/veriv.eu\/index.php\/2019\/04\/22\/audyt-bezpieczenstwa-oszacowanie-ryzyka-firmy\/#primaryimage\"},\"thumbnailUrl\":\"https:\/\/veriv.eu\/wp-content\/uploads\/2019\/04\/Audyt-Bezpieczenstwa-w-Veriv-Prywatny-Detektyw-1.jpg\",\"datePublished\":\"2019-04-22T20:52:16+00:00\",\"dateModified\":\"2021-07-12T07:40:48+00:00\",\"author\":{\"@id\":\"https:\/\/veriv.eu\/#\/schema\/person\/423552a3509eca4d7f912a129e38485e\"},\"breadcrumb\":{\"@id\":\"https:\/\/veriv.eu\/index.php\/2019\/04\/22\/audyt-bezpieczenstwa-oszacowanie-ryzyka-firmy\/#breadcrumb\"},\"inLanguage\":\"pl-PL\",\"potentialAction\":[{\"@type\":\"ReadAction\",\"target\":[\"https:\/\/veriv.eu\/index.php\/2019\/04\/22\/audyt-bezpieczenstwa-oszacowanie-ryzyka-firmy\/\"]}]},{\"@type\":\"ImageObject\",\"inLanguage\":\"pl-PL\",\"@id\":\"https:\/\/veriv.eu\/index.php\/2019\/04\/22\/audyt-bezpieczenstwa-oszacowanie-ryzyka-firmy\/#primaryimage\",\"url\":\"https:\/\/veriv.eu\/wp-content\/uploads\/2019\/04\/Audyt-Bezpieczenstwa-w-Veriv-Prywatny-Detektyw-1.jpg\",\"contentUrl\":\"https:\/\/veriv.eu\/wp-content\/uploads\/2019\/04\/Audyt-Bezpieczenstwa-w-Veriv-Prywatny-Detektyw-1.jpg\",\"width\":1024,\"height\":671},{\"@type\":\"BreadcrumbList\",\"@id\":\"https:\/\/veriv.eu\/index.php\/2019\/04\/22\/audyt-bezpieczenstwa-oszacowanie-ryzyka-firmy\/#breadcrumb\",\"itemListElement\":[{\"@type\":\"ListItem\",\"position\":1,\"name\":\"Strona g\u0142\u00f3wna\",\"item\":\"https:\/\/veriv.eu\/\"},{\"@type\":\"ListItem\",\"position\":2,\"name\":\"Audyt Bezpiecze\u0144stwa, oszacowanie ryzyka firmy&#8230;\"}]},{\"@type\":\"WebSite\",\"@id\":\"https:\/\/veriv.eu\/#website\",\"url\":\"https:\/\/veriv.eu\/\",\"name\":\"Kancelaria Prawna \/ Adwokat, Radca Prawny, Detektyw\",\"description\":\"Kancelaria Veriv\",\"potentialAction\":[{\"@type\":\"SearchAction\",\"target\":{\"@type\":\"EntryPoint\",\"urlTemplate\":\"https:\/\/veriv.eu\/?s={search_term_string}\"},\"query-input\":{\"@type\":\"PropertyValueSpecification\",\"valueRequired\":true,\"valueName\":\"search_term_string\"}}],\"inLanguage\":\"pl-PL\"},{\"@type\":\"Person\",\"@id\":\"https:\/\/veriv.eu\/#\/schema\/person\/423552a3509eca4d7f912a129e38485e\",\"name\":\"VERIV\",\"image\":{\"@type\":\"ImageObject\",\"inLanguage\":\"pl-PL\",\"@id\":\"https:\/\/veriv.eu\/#\/schema\/person\/image\/\",\"url\":\"https:\/\/secure.gravatar.com\/avatar\/fd09232202d88df8c7e56af87438fa2e?s=96&d=mm&r=g\",\"contentUrl\":\"https:\/\/secure.gravatar.com\/avatar\/fd09232202d88df8c7e56af87438fa2e?s=96&d=mm&r=g\",\"caption\":\"VERIV\"},\"sameAs\":[\"https:\/\/veriv.eu\",\"https:\/\/www.facebook.com\/veriv.s.a\/\",\"https:\/\/www.youtube.com\/results?search_query=jm+network+television\"],\"url\":\"https:\/\/veriv.eu\/index.php\/author\/admin\/\"}]}<\/script>\n<!-- \/ Yoast SEO plugin. -->","yoast_head_json":{"title":"Audyt Bezpiecze\u0144stwa, oszacowanie ryzyka firmy... - Kancelaria Prawna \/ Adwokat, Radca Prawny, Detektyw","robots":{"index":"index","follow":"follow","max-snippet":"max-snippet:-1","max-image-preview":"max-image-preview:large","max-video-preview":"max-video-preview:-1"},"canonical":"https:\/\/veriv.eu\/index.php\/2019\/04\/22\/audyt-bezpieczenstwa-oszacowanie-ryzyka-firmy\/","og_locale":"pl_PL","og_type":"article","og_title":"Audyt Bezpiecze\u0144stwa, oszacowanie ryzyka firmy... - Kancelaria Prawna \/ Adwokat, Radca Prawny, Detektyw","og_description":"Celem prowadzenia audyt\u00f3w bezpiecze\u0144stwa\u00a0jest ocena zgodno\u015bci dzia\u0142a\u0144 organizacji z okre\u015blonymi standardami, usprawnienie jego dzia\u0142alno\u015bci poprzez wskazanie s\u0142abych punkt\u00f3w w dzia\u0142aniu organizacji. Nasi audytorzy to specjali\u015bci w zakresie swojej wiedzy, kt\u00f3rzy mog\u0105 pochwali\u0107 si\u0119 do\u015bwiadczeniem i wiedz\u0105 praktyczn\u0105. Us\u0142ugi audytor\u00f3w skierowane s\u0105 do przedsi\u0119biorstw, kt\u00f3rym zale\u017cy na najwy\u017cszych standardach bezpiecze\u0144stwa. CELE AUDYT\u00d3W BEZPIECZE\u0143STWA: weryfikacja stopnia spe\u0142nienia [&hellip;]","og_url":"https:\/\/veriv.eu\/index.php\/2019\/04\/22\/audyt-bezpieczenstwa-oszacowanie-ryzyka-firmy\/","og_site_name":"Kancelaria Prawna \/ Adwokat, Radca Prawny, Detektyw","article_author":"https:\/\/www.facebook.com\/veriv.s.a\/","article_published_time":"2019-04-22T20:52:16+00:00","article_modified_time":"2021-07-12T07:40:48+00:00","og_image":[{"width":1024,"height":671,"url":"https:\/\/veriv.eu\/wp-content\/uploads\/2019\/04\/Audyt-Bezpieczenstwa-w-Veriv-Prywatny-Detektyw-1.jpg","type":"image\/jpeg"}],"author":"VERIV","twitter_card":"summary_large_image","twitter_misc":{"Napisane przez":"VERIV","Szacowany czas czytania":"5 minut"},"schema":{"@context":"https:\/\/schema.org","@graph":[{"@type":"WebPage","@id":"https:\/\/veriv.eu\/index.php\/2019\/04\/22\/audyt-bezpieczenstwa-oszacowanie-ryzyka-firmy\/","url":"https:\/\/veriv.eu\/index.php\/2019\/04\/22\/audyt-bezpieczenstwa-oszacowanie-ryzyka-firmy\/","name":"Audyt Bezpiecze\u0144stwa, oszacowanie ryzyka firmy... - Kancelaria Prawna \/ Adwokat, Radca Prawny, Detektyw","isPartOf":{"@id":"https:\/\/veriv.eu\/#website"},"primaryImageOfPage":{"@id":"https:\/\/veriv.eu\/index.php\/2019\/04\/22\/audyt-bezpieczenstwa-oszacowanie-ryzyka-firmy\/#primaryimage"},"image":{"@id":"https:\/\/veriv.eu\/index.php\/2019\/04\/22\/audyt-bezpieczenstwa-oszacowanie-ryzyka-firmy\/#primaryimage"},"thumbnailUrl":"https:\/\/veriv.eu\/wp-content\/uploads\/2019\/04\/Audyt-Bezpieczenstwa-w-Veriv-Prywatny-Detektyw-1.jpg","datePublished":"2019-04-22T20:52:16+00:00","dateModified":"2021-07-12T07:40:48+00:00","author":{"@id":"https:\/\/veriv.eu\/#\/schema\/person\/423552a3509eca4d7f912a129e38485e"},"breadcrumb":{"@id":"https:\/\/veriv.eu\/index.php\/2019\/04\/22\/audyt-bezpieczenstwa-oszacowanie-ryzyka-firmy\/#breadcrumb"},"inLanguage":"pl-PL","potentialAction":[{"@type":"ReadAction","target":["https:\/\/veriv.eu\/index.php\/2019\/04\/22\/audyt-bezpieczenstwa-oszacowanie-ryzyka-firmy\/"]}]},{"@type":"ImageObject","inLanguage":"pl-PL","@id":"https:\/\/veriv.eu\/index.php\/2019\/04\/22\/audyt-bezpieczenstwa-oszacowanie-ryzyka-firmy\/#primaryimage","url":"https:\/\/veriv.eu\/wp-content\/uploads\/2019\/04\/Audyt-Bezpieczenstwa-w-Veriv-Prywatny-Detektyw-1.jpg","contentUrl":"https:\/\/veriv.eu\/wp-content\/uploads\/2019\/04\/Audyt-Bezpieczenstwa-w-Veriv-Prywatny-Detektyw-1.jpg","width":1024,"height":671},{"@type":"BreadcrumbList","@id":"https:\/\/veriv.eu\/index.php\/2019\/04\/22\/audyt-bezpieczenstwa-oszacowanie-ryzyka-firmy\/#breadcrumb","itemListElement":[{"@type":"ListItem","position":1,"name":"Strona g\u0142\u00f3wna","item":"https:\/\/veriv.eu\/"},{"@type":"ListItem","position":2,"name":"Audyt Bezpiecze\u0144stwa, oszacowanie ryzyka firmy&#8230;"}]},{"@type":"WebSite","@id":"https:\/\/veriv.eu\/#website","url":"https:\/\/veriv.eu\/","name":"Kancelaria Prawna \/ Adwokat, Radca Prawny, Detektyw","description":"Kancelaria Veriv","potentialAction":[{"@type":"SearchAction","target":{"@type":"EntryPoint","urlTemplate":"https:\/\/veriv.eu\/?s={search_term_string}"},"query-input":{"@type":"PropertyValueSpecification","valueRequired":true,"valueName":"search_term_string"}}],"inLanguage":"pl-PL"},{"@type":"Person","@id":"https:\/\/veriv.eu\/#\/schema\/person\/423552a3509eca4d7f912a129e38485e","name":"VERIV","image":{"@type":"ImageObject","inLanguage":"pl-PL","@id":"https:\/\/veriv.eu\/#\/schema\/person\/image\/","url":"https:\/\/secure.gravatar.com\/avatar\/fd09232202d88df8c7e56af87438fa2e?s=96&d=mm&r=g","contentUrl":"https:\/\/secure.gravatar.com\/avatar\/fd09232202d88df8c7e56af87438fa2e?s=96&d=mm&r=g","caption":"VERIV"},"sameAs":["https:\/\/veriv.eu","https:\/\/www.facebook.com\/veriv.s.a\/","https:\/\/www.youtube.com\/results?search_query=jm+network+television"],"url":"https:\/\/veriv.eu\/index.php\/author\/admin\/"}]}},"_links":{"self":[{"href":"https:\/\/veriv.eu\/index.php\/wp-json\/wp\/v2\/posts\/134335","targetHints":{"allow":["GET"]}}],"collection":[{"href":"https:\/\/veriv.eu\/index.php\/wp-json\/wp\/v2\/posts"}],"about":[{"href":"https:\/\/veriv.eu\/index.php\/wp-json\/wp\/v2\/types\/post"}],"author":[{"embeddable":true,"href":"https:\/\/veriv.eu\/index.php\/wp-json\/wp\/v2\/users\/1"}],"replies":[{"embeddable":true,"href":"https:\/\/veriv.eu\/index.php\/wp-json\/wp\/v2\/comments?post=134335"}],"version-history":[{"count":0,"href":"https:\/\/veriv.eu\/index.php\/wp-json\/wp\/v2\/posts\/134335\/revisions"}],"wp:featuredmedia":[{"embeddable":true,"href":"https:\/\/veriv.eu\/index.php\/wp-json\/wp\/v2\/media\/134209"}],"wp:attachment":[{"href":"https:\/\/veriv.eu\/index.php\/wp-json\/wp\/v2\/media?parent=134335"}],"wp:term":[{"taxonomy":"category","embeddable":true,"href":"https:\/\/veriv.eu\/index.php\/wp-json\/wp\/v2\/categories?post=134335"},{"taxonomy":"post_tag","embeddable":true,"href":"https:\/\/veriv.eu\/index.php\/wp-json\/wp\/v2\/tags?post=134335"}],"curies":[{"name":"wp","href":"https:\/\/api.w.org\/{rel}","templated":true}]}}