{"id":134320,"date":"2019-04-22T22:32:19","date_gmt":"2019-04-22T20:32:19","guid":{"rendered":"http:\/\/veriv.pokrzywko.com\/?p=134320"},"modified":"2021-07-12T09:40:48","modified_gmt":"2021-07-12T07:40:48","slug":"weryfikacja-kontrahentow-wymaga-oceny-informacji","status":"publish","type":"post","link":"https:\/\/veriv.eu\/index.php\/2019\/04\/22\/weryfikacja-kontrahentow-wymaga-oceny-informacji\/","title":{"rendered":"Weryfikacja kontrahent\u00f3w\u00a0wymaga oceny informacji,"},"content":{"rendered":"<p style=\"text-align: justify;\">Prowadzenie dzia\u0142alno\u015bci biznesowej wi\u0105\u017ce si\u0119 z konieczno\u015bci\u0105 podejmowania d\u0142ugo- oraz kr\u00f3tkoterminowych decyzji, z kt\u00f3rych wiele mo\u017ce zawa\u017cy\u0107 na realizacji strategii rozwoju firmy. Wsp\u00f3\u0142praca z innymi podmiotami w zakresie realizacji us\u0142ug oraz zakupu\/sprzeda\u017cy towar\u00f3w wi\u0105\u017ce si\u0119 z podejmowaniem okre\u015blonego ryzyka finansowego. Zarz\u0105dzanie ryzykiem wchodzi w zakres odpowiedzialno\u015bci menad\u017cer\u00f3w oraz kadry zarz\u0105dzaj\u0105cej. Zarz\u0105dzanie ryzykiem wymaga wiarygodnych informacji o sytuacji finansowej oraz sposobie funkcjonowania na rynku Pa\u0144stwa kontrahent\u00f3w.<\/p>\n<p style=\"text-align: justify;\"><strong>Weryfikacja kontrahent\u00f3w<\/strong>\u00a0wymaga oceny informacji, kt\u00f3re nie s\u0105 og\u00f3lnodost\u0119pne, a ich zdobycie wymaga szeregu okre\u015blonych dzia\u0142a\u0144 i zabieg\u00f3w, co anga\u017cuje Pa\u0144stwa czas \u2013 najcenniejsze dobro wi\u0119kszo\u015bci przedsi\u0119biorstw. Wychodz\u0105c naprzeciw potrzebom naszych klient\u00f3w proponujemy wsp\u00f3\u0142prac\u0119 w zakresie weryfikacji kontrahent\u00f3w oraz ich ci\u0105g\u0142ego monitoringu.\u00a0<strong>W naszej bazie danych SEIV posiadamy informacje dotycz\u0105ce ponad 6 milion\u00f3w kontrahent\u00f3w<\/strong>.<\/p>\n<p style=\"text-align: justify;\">Dzi\u0119ki naszej pomocy mo\u017cliwa jest weryfikacja kontrahenta pod k\u0105tem jego wiarygodno\u015bci oraz sytuacji finansowej. Poznasz jego styl dzia\u0142ania, ocenisz terminowo\u015b\u0107 realizacji zobowi\u0105za\u0144 oraz b\u0119dziesz m\u00f3g\u0142 zapozna\u0107 si\u0119 z jego og\u00f3ln\u0105 zdolno\u015bci\u0105 do d\u0142ugofalowej wsp\u00f3\u0142pracy. Weryfikacja kontrahenta oraz p\u00f3\u017aniejszy monitoring kontrahent\u00f3w obejmuje ci\u0105g\u0142e, on-line zarz\u0105dzanie danymi o kontrahentach. Dok\u0142adamy stara\u0144, aby monitoring kontrahent\u00f3w zapewnia\u0142 natychmiastowy dost\u0119p do informacji kluczowych dla naszych klient\u00f3w i pozwalaj\u0105cych unikn\u0105\u0107 niebezpiecznych dla przedsi\u0119biorstwa decyzji.<\/p>\n","protected":false},"excerpt":{"rendered":"<p>Prowadzenie dzia\u0142alno\u015bci biznesowej wi\u0105\u017ce si\u0119 z konieczno\u015bci\u0105 podejmowania d\u0142ugo- oraz kr\u00f3tkoterminowych decyzji, z kt\u00f3rych wiele mo\u017ce zawa\u017cy\u0107 na realizacji strategii rozwoju firmy. Wsp\u00f3\u0142praca z innymi podmiotami w zakresie realizacji us\u0142ug oraz zakupu\/sprzeda\u017cy towar\u00f3w wi\u0105\u017ce si\u0119 z podejmowaniem okre\u015blonego ryzyka finansowego. Zarz\u0105dzanie ryzykiem wchodzi w zakres odpowiedzialno\u015bci menad\u017cer\u00f3w oraz kadry zarz\u0105dzaj\u0105cej. Zarz\u0105dzanie ryzykiem wymaga wiarygodnych informacji [&hellip;]<\/p>\n","protected":false},"author":1,"featured_media":142005,"comment_status":"closed","ping_status":"open","sticky":false,"template":"","format":"standard","meta":{"footnotes":""},"categories":[28,32],"tags":[],"class_list":["post-134320","post","type-post","status-publish","format-standard","has-post-thumbnail","hentry","category-kancelaria-prawna-i-detektywistyczna","category-veriv-biuro-detektywistyczne"],"yoast_head":"<!-- This site is optimized with the Yoast SEO plugin v23.4 - https:\/\/yoast.com\/wordpress\/plugins\/seo\/ -->\n<title>Weryfikacja kontrahent\u00f3w\u00a0wymaga oceny informacji, - Kancelaria Prawna \/ Adwokat, Radca Prawny, Detektyw<\/title>\n<meta name=\"robots\" content=\"index, follow, max-snippet:-1, max-image-preview:large, max-video-preview:-1\" \/>\n<link rel=\"canonical\" href=\"https:\/\/veriv.eu\/index.php\/2019\/04\/22\/weryfikacja-kontrahentow-wymaga-oceny-informacji\/\" \/>\n<meta property=\"og:locale\" content=\"pl_PL\" \/>\n<meta property=\"og:type\" content=\"article\" \/>\n<meta property=\"og:title\" content=\"Weryfikacja kontrahent\u00f3w\u00a0wymaga oceny informacji, - Kancelaria Prawna \/ Adwokat, Radca Prawny, Detektyw\" \/>\n<meta property=\"og:description\" content=\"Prowadzenie dzia\u0142alno\u015bci biznesowej wi\u0105\u017ce si\u0119 z konieczno\u015bci\u0105 podejmowania d\u0142ugo- oraz kr\u00f3tkoterminowych decyzji, z kt\u00f3rych wiele mo\u017ce zawa\u017cy\u0107 na realizacji strategii rozwoju firmy. Wsp\u00f3\u0142praca z innymi podmiotami w zakresie realizacji us\u0142ug oraz zakupu\/sprzeda\u017cy towar\u00f3w wi\u0105\u017ce si\u0119 z podejmowaniem okre\u015blonego ryzyka finansowego. Zarz\u0105dzanie ryzykiem wchodzi w zakres odpowiedzialno\u015bci menad\u017cer\u00f3w oraz kadry zarz\u0105dzaj\u0105cej. Zarz\u0105dzanie ryzykiem wymaga wiarygodnych informacji [&hellip;]\" \/>\n<meta property=\"og:url\" content=\"https:\/\/veriv.eu\/index.php\/2019\/04\/22\/weryfikacja-kontrahentow-wymaga-oceny-informacji\/\" \/>\n<meta property=\"og:site_name\" content=\"Kancelaria Prawna \/ Adwokat, Radca Prawny, Detektyw\" \/>\n<meta property=\"article:author\" content=\"https:\/\/www.facebook.com\/veriv.s.a\/\" \/>\n<meta property=\"article:published_time\" content=\"2019-04-22T20:32:19+00:00\" \/>\n<meta property=\"article:modified_time\" content=\"2021-07-12T07:40:48+00:00\" \/>\n<meta property=\"og:image\" content=\"https:\/\/veriv.eu\/wp-content\/uploads\/2019\/04\/Weryfikacja-kontrahenta-przez-prywatny-detektyw-veriv-1.jpg\" \/>\n\t<meta property=\"og:image:width\" content=\"1024\" \/>\n\t<meta property=\"og:image:height\" content=\"683\" \/>\n\t<meta property=\"og:image:type\" content=\"image\/jpeg\" \/>\n<meta name=\"author\" content=\"VERIV\" \/>\n<meta name=\"twitter:card\" content=\"summary_large_image\" \/>\n<meta name=\"twitter:label1\" content=\"Napisane przez\" \/>\n\t<meta name=\"twitter:data1\" content=\"VERIV\" \/>\n\t<meta name=\"twitter:label2\" content=\"Szacowany czas czytania\" \/>\n\t<meta name=\"twitter:data2\" content=\"1 minuta\" \/>\n<script type=\"application\/ld+json\" class=\"yoast-schema-graph\">{\"@context\":\"https:\/\/schema.org\",\"@graph\":[{\"@type\":\"WebPage\",\"@id\":\"https:\/\/veriv.eu\/index.php\/2019\/04\/22\/weryfikacja-kontrahentow-wymaga-oceny-informacji\/\",\"url\":\"https:\/\/veriv.eu\/index.php\/2019\/04\/22\/weryfikacja-kontrahentow-wymaga-oceny-informacji\/\",\"name\":\"Weryfikacja kontrahent\u00f3w\u00a0wymaga oceny informacji, - Kancelaria Prawna \/ Adwokat, Radca Prawny, Detektyw\",\"isPartOf\":{\"@id\":\"https:\/\/veriv.eu\/#website\"},\"primaryImageOfPage\":{\"@id\":\"https:\/\/veriv.eu\/index.php\/2019\/04\/22\/weryfikacja-kontrahentow-wymaga-oceny-informacji\/#primaryimage\"},\"image\":{\"@id\":\"https:\/\/veriv.eu\/index.php\/2019\/04\/22\/weryfikacja-kontrahentow-wymaga-oceny-informacji\/#primaryimage\"},\"thumbnailUrl\":\"https:\/\/veriv.eu\/wp-content\/uploads\/2019\/04\/Weryfikacja-kontrahenta-przez-prywatny-detektyw-veriv-1.jpg\",\"datePublished\":\"2019-04-22T20:32:19+00:00\",\"dateModified\":\"2021-07-12T07:40:48+00:00\",\"author\":{\"@id\":\"https:\/\/veriv.eu\/#\/schema\/person\/423552a3509eca4d7f912a129e38485e\"},\"breadcrumb\":{\"@id\":\"https:\/\/veriv.eu\/index.php\/2019\/04\/22\/weryfikacja-kontrahentow-wymaga-oceny-informacji\/#breadcrumb\"},\"inLanguage\":\"pl-PL\",\"potentialAction\":[{\"@type\":\"ReadAction\",\"target\":[\"https:\/\/veriv.eu\/index.php\/2019\/04\/22\/weryfikacja-kontrahentow-wymaga-oceny-informacji\/\"]}]},{\"@type\":\"ImageObject\",\"inLanguage\":\"pl-PL\",\"@id\":\"https:\/\/veriv.eu\/index.php\/2019\/04\/22\/weryfikacja-kontrahentow-wymaga-oceny-informacji\/#primaryimage\",\"url\":\"https:\/\/veriv.eu\/wp-content\/uploads\/2019\/04\/Weryfikacja-kontrahenta-przez-prywatny-detektyw-veriv-1.jpg\",\"contentUrl\":\"https:\/\/veriv.eu\/wp-content\/uploads\/2019\/04\/Weryfikacja-kontrahenta-przez-prywatny-detektyw-veriv-1.jpg\",\"width\":1024,\"height\":683},{\"@type\":\"BreadcrumbList\",\"@id\":\"https:\/\/veriv.eu\/index.php\/2019\/04\/22\/weryfikacja-kontrahentow-wymaga-oceny-informacji\/#breadcrumb\",\"itemListElement\":[{\"@type\":\"ListItem\",\"position\":1,\"name\":\"Strona g\u0142\u00f3wna\",\"item\":\"https:\/\/veriv.eu\/\"},{\"@type\":\"ListItem\",\"position\":2,\"name\":\"Weryfikacja kontrahent\u00f3w\u00a0wymaga oceny informacji,\"}]},{\"@type\":\"WebSite\",\"@id\":\"https:\/\/veriv.eu\/#website\",\"url\":\"https:\/\/veriv.eu\/\",\"name\":\"Kancelaria Prawna \/ Adwokat, Radca Prawny, Detektyw\",\"description\":\"Kancelaria Veriv\",\"potentialAction\":[{\"@type\":\"SearchAction\",\"target\":{\"@type\":\"EntryPoint\",\"urlTemplate\":\"https:\/\/veriv.eu\/?s={search_term_string}\"},\"query-input\":{\"@type\":\"PropertyValueSpecification\",\"valueRequired\":true,\"valueName\":\"search_term_string\"}}],\"inLanguage\":\"pl-PL\"},{\"@type\":\"Person\",\"@id\":\"https:\/\/veriv.eu\/#\/schema\/person\/423552a3509eca4d7f912a129e38485e\",\"name\":\"VERIV\",\"image\":{\"@type\":\"ImageObject\",\"inLanguage\":\"pl-PL\",\"@id\":\"https:\/\/veriv.eu\/#\/schema\/person\/image\/\",\"url\":\"https:\/\/secure.gravatar.com\/avatar\/fd09232202d88df8c7e56af87438fa2e?s=96&d=mm&r=g\",\"contentUrl\":\"https:\/\/secure.gravatar.com\/avatar\/fd09232202d88df8c7e56af87438fa2e?s=96&d=mm&r=g\",\"caption\":\"VERIV\"},\"sameAs\":[\"https:\/\/veriv.eu\",\"https:\/\/www.facebook.com\/veriv.s.a\/\",\"https:\/\/www.youtube.com\/results?search_query=jm+network+television\"],\"url\":\"https:\/\/veriv.eu\/index.php\/author\/admin\/\"}]}<\/script>\n<!-- \/ Yoast SEO plugin. -->","yoast_head_json":{"title":"Weryfikacja kontrahent\u00f3w\u00a0wymaga oceny informacji, - Kancelaria Prawna \/ Adwokat, Radca Prawny, Detektyw","robots":{"index":"index","follow":"follow","max-snippet":"max-snippet:-1","max-image-preview":"max-image-preview:large","max-video-preview":"max-video-preview:-1"},"canonical":"https:\/\/veriv.eu\/index.php\/2019\/04\/22\/weryfikacja-kontrahentow-wymaga-oceny-informacji\/","og_locale":"pl_PL","og_type":"article","og_title":"Weryfikacja kontrahent\u00f3w\u00a0wymaga oceny informacji, - Kancelaria Prawna \/ Adwokat, Radca Prawny, Detektyw","og_description":"Prowadzenie dzia\u0142alno\u015bci biznesowej wi\u0105\u017ce si\u0119 z konieczno\u015bci\u0105 podejmowania d\u0142ugo- oraz kr\u00f3tkoterminowych decyzji, z kt\u00f3rych wiele mo\u017ce zawa\u017cy\u0107 na realizacji strategii rozwoju firmy. Wsp\u00f3\u0142praca z innymi podmiotami w zakresie realizacji us\u0142ug oraz zakupu\/sprzeda\u017cy towar\u00f3w wi\u0105\u017ce si\u0119 z podejmowaniem okre\u015blonego ryzyka finansowego. Zarz\u0105dzanie ryzykiem wchodzi w zakres odpowiedzialno\u015bci menad\u017cer\u00f3w oraz kadry zarz\u0105dzaj\u0105cej. Zarz\u0105dzanie ryzykiem wymaga wiarygodnych informacji [&hellip;]","og_url":"https:\/\/veriv.eu\/index.php\/2019\/04\/22\/weryfikacja-kontrahentow-wymaga-oceny-informacji\/","og_site_name":"Kancelaria Prawna \/ Adwokat, Radca Prawny, Detektyw","article_author":"https:\/\/www.facebook.com\/veriv.s.a\/","article_published_time":"2019-04-22T20:32:19+00:00","article_modified_time":"2021-07-12T07:40:48+00:00","og_image":[{"width":1024,"height":683,"url":"https:\/\/veriv.eu\/wp-content\/uploads\/2019\/04\/Weryfikacja-kontrahenta-przez-prywatny-detektyw-veriv-1.jpg","type":"image\/jpeg"}],"author":"VERIV","twitter_card":"summary_large_image","twitter_misc":{"Napisane przez":"VERIV","Szacowany czas czytania":"1 minuta"},"schema":{"@context":"https:\/\/schema.org","@graph":[{"@type":"WebPage","@id":"https:\/\/veriv.eu\/index.php\/2019\/04\/22\/weryfikacja-kontrahentow-wymaga-oceny-informacji\/","url":"https:\/\/veriv.eu\/index.php\/2019\/04\/22\/weryfikacja-kontrahentow-wymaga-oceny-informacji\/","name":"Weryfikacja kontrahent\u00f3w\u00a0wymaga oceny informacji, - Kancelaria Prawna \/ Adwokat, Radca Prawny, Detektyw","isPartOf":{"@id":"https:\/\/veriv.eu\/#website"},"primaryImageOfPage":{"@id":"https:\/\/veriv.eu\/index.php\/2019\/04\/22\/weryfikacja-kontrahentow-wymaga-oceny-informacji\/#primaryimage"},"image":{"@id":"https:\/\/veriv.eu\/index.php\/2019\/04\/22\/weryfikacja-kontrahentow-wymaga-oceny-informacji\/#primaryimage"},"thumbnailUrl":"https:\/\/veriv.eu\/wp-content\/uploads\/2019\/04\/Weryfikacja-kontrahenta-przez-prywatny-detektyw-veriv-1.jpg","datePublished":"2019-04-22T20:32:19+00:00","dateModified":"2021-07-12T07:40:48+00:00","author":{"@id":"https:\/\/veriv.eu\/#\/schema\/person\/423552a3509eca4d7f912a129e38485e"},"breadcrumb":{"@id":"https:\/\/veriv.eu\/index.php\/2019\/04\/22\/weryfikacja-kontrahentow-wymaga-oceny-informacji\/#breadcrumb"},"inLanguage":"pl-PL","potentialAction":[{"@type":"ReadAction","target":["https:\/\/veriv.eu\/index.php\/2019\/04\/22\/weryfikacja-kontrahentow-wymaga-oceny-informacji\/"]}]},{"@type":"ImageObject","inLanguage":"pl-PL","@id":"https:\/\/veriv.eu\/index.php\/2019\/04\/22\/weryfikacja-kontrahentow-wymaga-oceny-informacji\/#primaryimage","url":"https:\/\/veriv.eu\/wp-content\/uploads\/2019\/04\/Weryfikacja-kontrahenta-przez-prywatny-detektyw-veriv-1.jpg","contentUrl":"https:\/\/veriv.eu\/wp-content\/uploads\/2019\/04\/Weryfikacja-kontrahenta-przez-prywatny-detektyw-veriv-1.jpg","width":1024,"height":683},{"@type":"BreadcrumbList","@id":"https:\/\/veriv.eu\/index.php\/2019\/04\/22\/weryfikacja-kontrahentow-wymaga-oceny-informacji\/#breadcrumb","itemListElement":[{"@type":"ListItem","position":1,"name":"Strona g\u0142\u00f3wna","item":"https:\/\/veriv.eu\/"},{"@type":"ListItem","position":2,"name":"Weryfikacja kontrahent\u00f3w\u00a0wymaga oceny informacji,"}]},{"@type":"WebSite","@id":"https:\/\/veriv.eu\/#website","url":"https:\/\/veriv.eu\/","name":"Kancelaria Prawna \/ Adwokat, Radca Prawny, Detektyw","description":"Kancelaria Veriv","potentialAction":[{"@type":"SearchAction","target":{"@type":"EntryPoint","urlTemplate":"https:\/\/veriv.eu\/?s={search_term_string}"},"query-input":{"@type":"PropertyValueSpecification","valueRequired":true,"valueName":"search_term_string"}}],"inLanguage":"pl-PL"},{"@type":"Person","@id":"https:\/\/veriv.eu\/#\/schema\/person\/423552a3509eca4d7f912a129e38485e","name":"VERIV","image":{"@type":"ImageObject","inLanguage":"pl-PL","@id":"https:\/\/veriv.eu\/#\/schema\/person\/image\/","url":"https:\/\/secure.gravatar.com\/avatar\/fd09232202d88df8c7e56af87438fa2e?s=96&d=mm&r=g","contentUrl":"https:\/\/secure.gravatar.com\/avatar\/fd09232202d88df8c7e56af87438fa2e?s=96&d=mm&r=g","caption":"VERIV"},"sameAs":["https:\/\/veriv.eu","https:\/\/www.facebook.com\/veriv.s.a\/","https:\/\/www.youtube.com\/results?search_query=jm+network+television"],"url":"https:\/\/veriv.eu\/index.php\/author\/admin\/"}]}},"_links":{"self":[{"href":"https:\/\/veriv.eu\/index.php\/wp-json\/wp\/v2\/posts\/134320","targetHints":{"allow":["GET"]}}],"collection":[{"href":"https:\/\/veriv.eu\/index.php\/wp-json\/wp\/v2\/posts"}],"about":[{"href":"https:\/\/veriv.eu\/index.php\/wp-json\/wp\/v2\/types\/post"}],"author":[{"embeddable":true,"href":"https:\/\/veriv.eu\/index.php\/wp-json\/wp\/v2\/users\/1"}],"replies":[{"embeddable":true,"href":"https:\/\/veriv.eu\/index.php\/wp-json\/wp\/v2\/comments?post=134320"}],"version-history":[{"count":0,"href":"https:\/\/veriv.eu\/index.php\/wp-json\/wp\/v2\/posts\/134320\/revisions"}],"wp:featuredmedia":[{"embeddable":true,"href":"https:\/\/veriv.eu\/index.php\/wp-json\/wp\/v2\/media\/142005"}],"wp:attachment":[{"href":"https:\/\/veriv.eu\/index.php\/wp-json\/wp\/v2\/media?parent=134320"}],"wp:term":[{"taxonomy":"category","embeddable":true,"href":"https:\/\/veriv.eu\/index.php\/wp-json\/wp\/v2\/categories?post=134320"},{"taxonomy":"post_tag","embeddable":true,"href":"https:\/\/veriv.eu\/index.php\/wp-json\/wp\/v2\/tags?post=134320"}],"curies":[{"name":"wp","href":"https:\/\/api.w.org\/{rel}","templated":true}]}}