{"id":134315,"date":"2019-04-22T22:22:23","date_gmt":"2019-04-22T20:22:23","guid":{"rendered":"http:\/\/veriv.pokrzywko.com\/?p=134315"},"modified":"2021-07-12T09:40:48","modified_gmt":"2021-07-12T07:40:48","slug":"profilowanie-zagrozen","status":"publish","type":"post","link":"https:\/\/veriv.eu\/index.php\/2019\/04\/22\/profilowanie-zagrozen\/","title":{"rendered":"Profilowanie zagro\u017ce\u0144 przez zesp\u00f3\u0142 wyspecjalizowanych prywatnych detektyw\u00f3w  Veriv"},"content":{"rendered":"<p style=\"text-align: justify;\"><strong>Profilowanie zagro\u017ce\u0144<\/strong><\/p>\n<div class=\"ui--blog-header\">\n<div class=\"ui--blog-content\">\n<p style=\"text-align: justify;\">Obecna sytuacja gospodarcza wymusza na ka\u017cdym przedsi\u0119biorstwie, by z wielk\u0105 rozwag\u0105 dokonywa\u0142o wszelkich form inwestowania. Nasza firma jest w stanie\u00a0<strong>zadba\u0107 o bezpiecze\u0144stwo i znale\u017a\u0107 miejsce inwestycyjne dla posiadanego kapita\u0142u<\/strong>.<\/p>\n<p style=\"text-align: justify;\"><strong>Profilowanie zagro\u017ce\u0144 inwestycyjnych<\/strong>\u00a0to us\u0142uga stworzona z my\u015bl\u0105 o podmiotach gospodarczych pragn\u0105cych rozpocz\u0105\u0107 swoj\u0105 aktywno\u015b\u0107 na obszarze kraj\u00f3w Unii Europejskiej. Us\u0142uga ta obejmuje szczeg\u00f3\u0142ow\u0105 analiz\u0119, kt\u00f3ra zostanie wykonana przez specjalist\u00f3w w poszczeg\u00f3lnych bran\u017cach. Jej g\u0142\u00f3wnym celem ocena sytuacji gospodarczej, kt\u00f3ra panuje w kraju potencjalnego inwestora, por\u00f3wnanie jej do gospodarek innych kraj\u00f3w, a tak\u017ce ocena innych czynnik\u00f3w, kt\u00f3re mog\u0105 mie\u0107 wp\u0142yw na planowan\u0105 inwestycj\u0119.<\/p>\n<p style=\"text-align: justify;\"><strong>Badanie dotyczy przede wszystkim koszt\u00f3w produkcji, si\u0142y roboczej, czynnik\u00f3w, rozmiar\u00f3w rynku, dynamiki rynku, trend\u00f3w i kierunk\u00f3w rozwoju<\/strong>. W raporcie znajduj\u0105 si\u0119 r\u00f3wnie\u017c informacje na temat dzia\u0142ania i kierunk\u00f3w rozwoju konkurencji, barier handlowych, na jakie mo\u017cna trafi\u0107, polityki pa\u0144stwa wzgl\u0119dem kapita\u0142u obcego. Zostanie tu r\u00f3wnie\u017c dokonana ocena stabilno\u015bci systemu politycznego, panuj\u0105ce w spo\u0142ecze\u0144stwie stosunki, a tak\u017ce charakter i stopie\u0144 rozwoju gospodarki.<\/p>\n<p style=\"text-align: justify;\">W naszym\u00a0<strong>raporcie profilowania zagro\u017ce\u0144<\/strong>\u00a0znajd\u0105 si\u0119 r\u00f3wnie\u017c informacje na temat prawnych warunk\u00f3w wej\u015bcia na rynek zagraniczny.<\/p>\n<\/div>\n<\/div>\n","protected":false},"excerpt":{"rendered":"<p>Profilowanie zagro\u017ce\u0144 Obecna sytuacja gospodarcza wymusza na ka\u017cdym przedsi\u0119biorstwie, by z wielk\u0105 rozwag\u0105 dokonywa\u0142o wszelkich form inwestowania. Nasza firma jest w stanie\u00a0zadba\u0107 o bezpiecze\u0144stwo i znale\u017a\u0107 miejsce inwestycyjne dla posiadanego kapita\u0142u. Profilowanie zagro\u017ce\u0144 inwestycyjnych\u00a0to us\u0142uga stworzona z my\u015bl\u0105 o podmiotach gospodarczych pragn\u0105cych rozpocz\u0105\u0107 swoj\u0105 aktywno\u015b\u0107 na obszarze kraj\u00f3w Unii Europejskiej. Us\u0142uga ta obejmuje szczeg\u00f3\u0142ow\u0105 analiz\u0119, [&hellip;]<\/p>\n","protected":false},"author":1,"featured_media":142007,"comment_status":"closed","ping_status":"open","sticky":false,"template":"","format":"standard","meta":{"footnotes":""},"categories":[31,32],"tags":[],"class_list":["post-134315","post","type-post","status-publish","format-standard","has-post-thumbnail","hentry","category-kancelaria-prawno-detektywistyczna","category-veriv-biuro-detektywistyczne"],"yoast_head":"<!-- This site is optimized with the Yoast SEO plugin v23.4 - https:\/\/yoast.com\/wordpress\/plugins\/seo\/ -->\n<title>Profilowanie zagro\u017ce\u0144 przez zesp\u00f3\u0142 wyspecjalizowanych prywatnych detektyw\u00f3w Veriv - Kancelaria Prawna \/ Adwokat, Radca Prawny, Detektyw<\/title>\n<meta name=\"robots\" content=\"index, follow, max-snippet:-1, max-image-preview:large, max-video-preview:-1\" \/>\n<link rel=\"canonical\" href=\"https:\/\/veriv.eu\/index.php\/2019\/04\/22\/profilowanie-zagrozen\/\" \/>\n<meta property=\"og:locale\" content=\"pl_PL\" \/>\n<meta property=\"og:type\" content=\"article\" \/>\n<meta property=\"og:title\" content=\"Profilowanie zagro\u017ce\u0144 przez zesp\u00f3\u0142 wyspecjalizowanych prywatnych detektyw\u00f3w Veriv - Kancelaria Prawna \/ Adwokat, Radca Prawny, Detektyw\" \/>\n<meta property=\"og:description\" content=\"Profilowanie zagro\u017ce\u0144 Obecna sytuacja gospodarcza wymusza na ka\u017cdym przedsi\u0119biorstwie, by z wielk\u0105 rozwag\u0105 dokonywa\u0142o wszelkich form inwestowania. Nasza firma jest w stanie\u00a0zadba\u0107 o bezpiecze\u0144stwo i znale\u017a\u0107 miejsce inwestycyjne dla posiadanego kapita\u0142u. Profilowanie zagro\u017ce\u0144 inwestycyjnych\u00a0to us\u0142uga stworzona z my\u015bl\u0105 o podmiotach gospodarczych pragn\u0105cych rozpocz\u0105\u0107 swoj\u0105 aktywno\u015b\u0107 na obszarze kraj\u00f3w Unii Europejskiej. Us\u0142uga ta obejmuje szczeg\u00f3\u0142ow\u0105 analiz\u0119, [&hellip;]\" \/>\n<meta property=\"og:url\" content=\"https:\/\/veriv.eu\/index.php\/2019\/04\/22\/profilowanie-zagrozen\/\" \/>\n<meta property=\"og:site_name\" content=\"Kancelaria Prawna \/ Adwokat, Radca Prawny, Detektyw\" \/>\n<meta property=\"article:author\" content=\"https:\/\/www.facebook.com\/veriv.s.a\/\" \/>\n<meta property=\"article:published_time\" content=\"2019-04-22T20:22:23+00:00\" \/>\n<meta property=\"article:modified_time\" content=\"2021-07-12T07:40:48+00:00\" \/>\n<meta property=\"og:image\" content=\"https:\/\/veriv.eu\/wp-content\/uploads\/2019\/04\/Profilowanie-zagrozen-1.jpg\" \/>\n\t<meta property=\"og:image:width\" content=\"1024\" \/>\n\t<meta property=\"og:image:height\" content=\"683\" \/>\n\t<meta property=\"og:image:type\" content=\"image\/jpeg\" \/>\n<meta name=\"author\" content=\"VERIV\" \/>\n<meta name=\"twitter:card\" content=\"summary_large_image\" \/>\n<meta name=\"twitter:label1\" content=\"Napisane przez\" \/>\n\t<meta name=\"twitter:data1\" content=\"VERIV\" \/>\n\t<meta name=\"twitter:label2\" content=\"Szacowany czas czytania\" \/>\n\t<meta name=\"twitter:data2\" content=\"1 minuta\" \/>\n<script type=\"application\/ld+json\" class=\"yoast-schema-graph\">{\"@context\":\"https:\/\/schema.org\",\"@graph\":[{\"@type\":\"WebPage\",\"@id\":\"https:\/\/veriv.eu\/index.php\/2019\/04\/22\/profilowanie-zagrozen\/\",\"url\":\"https:\/\/veriv.eu\/index.php\/2019\/04\/22\/profilowanie-zagrozen\/\",\"name\":\"Profilowanie zagro\u017ce\u0144 przez zesp\u00f3\u0142 wyspecjalizowanych prywatnych detektyw\u00f3w Veriv - Kancelaria Prawna \/ Adwokat, Radca Prawny, Detektyw\",\"isPartOf\":{\"@id\":\"https:\/\/veriv.eu\/#website\"},\"primaryImageOfPage\":{\"@id\":\"https:\/\/veriv.eu\/index.php\/2019\/04\/22\/profilowanie-zagrozen\/#primaryimage\"},\"image\":{\"@id\":\"https:\/\/veriv.eu\/index.php\/2019\/04\/22\/profilowanie-zagrozen\/#primaryimage\"},\"thumbnailUrl\":\"https:\/\/veriv.eu\/wp-content\/uploads\/2019\/04\/Profilowanie-zagrozen-1.jpg\",\"datePublished\":\"2019-04-22T20:22:23+00:00\",\"dateModified\":\"2021-07-12T07:40:48+00:00\",\"author\":{\"@id\":\"https:\/\/veriv.eu\/#\/schema\/person\/423552a3509eca4d7f912a129e38485e\"},\"breadcrumb\":{\"@id\":\"https:\/\/veriv.eu\/index.php\/2019\/04\/22\/profilowanie-zagrozen\/#breadcrumb\"},\"inLanguage\":\"pl-PL\",\"potentialAction\":[{\"@type\":\"ReadAction\",\"target\":[\"https:\/\/veriv.eu\/index.php\/2019\/04\/22\/profilowanie-zagrozen\/\"]}]},{\"@type\":\"ImageObject\",\"inLanguage\":\"pl-PL\",\"@id\":\"https:\/\/veriv.eu\/index.php\/2019\/04\/22\/profilowanie-zagrozen\/#primaryimage\",\"url\":\"https:\/\/veriv.eu\/wp-content\/uploads\/2019\/04\/Profilowanie-zagrozen-1.jpg\",\"contentUrl\":\"https:\/\/veriv.eu\/wp-content\/uploads\/2019\/04\/Profilowanie-zagrozen-1.jpg\",\"width\":1024,\"height\":683},{\"@type\":\"BreadcrumbList\",\"@id\":\"https:\/\/veriv.eu\/index.php\/2019\/04\/22\/profilowanie-zagrozen\/#breadcrumb\",\"itemListElement\":[{\"@type\":\"ListItem\",\"position\":1,\"name\":\"Strona g\u0142\u00f3wna\",\"item\":\"https:\/\/veriv.eu\/\"},{\"@type\":\"ListItem\",\"position\":2,\"name\":\"Profilowanie zagro\u017ce\u0144 przez zesp\u00f3\u0142 wyspecjalizowanych prywatnych detektyw\u00f3w Veriv\"}]},{\"@type\":\"WebSite\",\"@id\":\"https:\/\/veriv.eu\/#website\",\"url\":\"https:\/\/veriv.eu\/\",\"name\":\"Kancelaria Prawna \/ Adwokat, Radca Prawny, Detektyw\",\"description\":\"Kancelaria Veriv\",\"potentialAction\":[{\"@type\":\"SearchAction\",\"target\":{\"@type\":\"EntryPoint\",\"urlTemplate\":\"https:\/\/veriv.eu\/?s={search_term_string}\"},\"query-input\":{\"@type\":\"PropertyValueSpecification\",\"valueRequired\":true,\"valueName\":\"search_term_string\"}}],\"inLanguage\":\"pl-PL\"},{\"@type\":\"Person\",\"@id\":\"https:\/\/veriv.eu\/#\/schema\/person\/423552a3509eca4d7f912a129e38485e\",\"name\":\"VERIV\",\"image\":{\"@type\":\"ImageObject\",\"inLanguage\":\"pl-PL\",\"@id\":\"https:\/\/veriv.eu\/#\/schema\/person\/image\/\",\"url\":\"https:\/\/secure.gravatar.com\/avatar\/fd09232202d88df8c7e56af87438fa2e?s=96&d=mm&r=g\",\"contentUrl\":\"https:\/\/secure.gravatar.com\/avatar\/fd09232202d88df8c7e56af87438fa2e?s=96&d=mm&r=g\",\"caption\":\"VERIV\"},\"sameAs\":[\"https:\/\/veriv.eu\",\"https:\/\/www.facebook.com\/veriv.s.a\/\",\"https:\/\/www.youtube.com\/results?search_query=jm+network+television\"],\"url\":\"https:\/\/veriv.eu\/index.php\/author\/admin\/\"}]}<\/script>\n<!-- \/ Yoast SEO plugin. -->","yoast_head_json":{"title":"Profilowanie zagro\u017ce\u0144 przez zesp\u00f3\u0142 wyspecjalizowanych prywatnych detektyw\u00f3w Veriv - Kancelaria Prawna \/ Adwokat, Radca Prawny, Detektyw","robots":{"index":"index","follow":"follow","max-snippet":"max-snippet:-1","max-image-preview":"max-image-preview:large","max-video-preview":"max-video-preview:-1"},"canonical":"https:\/\/veriv.eu\/index.php\/2019\/04\/22\/profilowanie-zagrozen\/","og_locale":"pl_PL","og_type":"article","og_title":"Profilowanie zagro\u017ce\u0144 przez zesp\u00f3\u0142 wyspecjalizowanych prywatnych detektyw\u00f3w Veriv - Kancelaria Prawna \/ Adwokat, Radca Prawny, Detektyw","og_description":"Profilowanie zagro\u017ce\u0144 Obecna sytuacja gospodarcza wymusza na ka\u017cdym przedsi\u0119biorstwie, by z wielk\u0105 rozwag\u0105 dokonywa\u0142o wszelkich form inwestowania. Nasza firma jest w stanie\u00a0zadba\u0107 o bezpiecze\u0144stwo i znale\u017a\u0107 miejsce inwestycyjne dla posiadanego kapita\u0142u. Profilowanie zagro\u017ce\u0144 inwestycyjnych\u00a0to us\u0142uga stworzona z my\u015bl\u0105 o podmiotach gospodarczych pragn\u0105cych rozpocz\u0105\u0107 swoj\u0105 aktywno\u015b\u0107 na obszarze kraj\u00f3w Unii Europejskiej. Us\u0142uga ta obejmuje szczeg\u00f3\u0142ow\u0105 analiz\u0119, [&hellip;]","og_url":"https:\/\/veriv.eu\/index.php\/2019\/04\/22\/profilowanie-zagrozen\/","og_site_name":"Kancelaria Prawna \/ Adwokat, Radca Prawny, Detektyw","article_author":"https:\/\/www.facebook.com\/veriv.s.a\/","article_published_time":"2019-04-22T20:22:23+00:00","article_modified_time":"2021-07-12T07:40:48+00:00","og_image":[{"width":1024,"height":683,"url":"https:\/\/veriv.eu\/wp-content\/uploads\/2019\/04\/Profilowanie-zagrozen-1.jpg","type":"image\/jpeg"}],"author":"VERIV","twitter_card":"summary_large_image","twitter_misc":{"Napisane przez":"VERIV","Szacowany czas czytania":"1 minuta"},"schema":{"@context":"https:\/\/schema.org","@graph":[{"@type":"WebPage","@id":"https:\/\/veriv.eu\/index.php\/2019\/04\/22\/profilowanie-zagrozen\/","url":"https:\/\/veriv.eu\/index.php\/2019\/04\/22\/profilowanie-zagrozen\/","name":"Profilowanie zagro\u017ce\u0144 przez zesp\u00f3\u0142 wyspecjalizowanych prywatnych detektyw\u00f3w Veriv - Kancelaria Prawna \/ Adwokat, Radca Prawny, Detektyw","isPartOf":{"@id":"https:\/\/veriv.eu\/#website"},"primaryImageOfPage":{"@id":"https:\/\/veriv.eu\/index.php\/2019\/04\/22\/profilowanie-zagrozen\/#primaryimage"},"image":{"@id":"https:\/\/veriv.eu\/index.php\/2019\/04\/22\/profilowanie-zagrozen\/#primaryimage"},"thumbnailUrl":"https:\/\/veriv.eu\/wp-content\/uploads\/2019\/04\/Profilowanie-zagrozen-1.jpg","datePublished":"2019-04-22T20:22:23+00:00","dateModified":"2021-07-12T07:40:48+00:00","author":{"@id":"https:\/\/veriv.eu\/#\/schema\/person\/423552a3509eca4d7f912a129e38485e"},"breadcrumb":{"@id":"https:\/\/veriv.eu\/index.php\/2019\/04\/22\/profilowanie-zagrozen\/#breadcrumb"},"inLanguage":"pl-PL","potentialAction":[{"@type":"ReadAction","target":["https:\/\/veriv.eu\/index.php\/2019\/04\/22\/profilowanie-zagrozen\/"]}]},{"@type":"ImageObject","inLanguage":"pl-PL","@id":"https:\/\/veriv.eu\/index.php\/2019\/04\/22\/profilowanie-zagrozen\/#primaryimage","url":"https:\/\/veriv.eu\/wp-content\/uploads\/2019\/04\/Profilowanie-zagrozen-1.jpg","contentUrl":"https:\/\/veriv.eu\/wp-content\/uploads\/2019\/04\/Profilowanie-zagrozen-1.jpg","width":1024,"height":683},{"@type":"BreadcrumbList","@id":"https:\/\/veriv.eu\/index.php\/2019\/04\/22\/profilowanie-zagrozen\/#breadcrumb","itemListElement":[{"@type":"ListItem","position":1,"name":"Strona g\u0142\u00f3wna","item":"https:\/\/veriv.eu\/"},{"@type":"ListItem","position":2,"name":"Profilowanie zagro\u017ce\u0144 przez zesp\u00f3\u0142 wyspecjalizowanych prywatnych detektyw\u00f3w Veriv"}]},{"@type":"WebSite","@id":"https:\/\/veriv.eu\/#website","url":"https:\/\/veriv.eu\/","name":"Kancelaria Prawna \/ Adwokat, Radca Prawny, Detektyw","description":"Kancelaria Veriv","potentialAction":[{"@type":"SearchAction","target":{"@type":"EntryPoint","urlTemplate":"https:\/\/veriv.eu\/?s={search_term_string}"},"query-input":{"@type":"PropertyValueSpecification","valueRequired":true,"valueName":"search_term_string"}}],"inLanguage":"pl-PL"},{"@type":"Person","@id":"https:\/\/veriv.eu\/#\/schema\/person\/423552a3509eca4d7f912a129e38485e","name":"VERIV","image":{"@type":"ImageObject","inLanguage":"pl-PL","@id":"https:\/\/veriv.eu\/#\/schema\/person\/image\/","url":"https:\/\/secure.gravatar.com\/avatar\/fd09232202d88df8c7e56af87438fa2e?s=96&d=mm&r=g","contentUrl":"https:\/\/secure.gravatar.com\/avatar\/fd09232202d88df8c7e56af87438fa2e?s=96&d=mm&r=g","caption":"VERIV"},"sameAs":["https:\/\/veriv.eu","https:\/\/www.facebook.com\/veriv.s.a\/","https:\/\/www.youtube.com\/results?search_query=jm+network+television"],"url":"https:\/\/veriv.eu\/index.php\/author\/admin\/"}]}},"_links":{"self":[{"href":"https:\/\/veriv.eu\/index.php\/wp-json\/wp\/v2\/posts\/134315","targetHints":{"allow":["GET"]}}],"collection":[{"href":"https:\/\/veriv.eu\/index.php\/wp-json\/wp\/v2\/posts"}],"about":[{"href":"https:\/\/veriv.eu\/index.php\/wp-json\/wp\/v2\/types\/post"}],"author":[{"embeddable":true,"href":"https:\/\/veriv.eu\/index.php\/wp-json\/wp\/v2\/users\/1"}],"replies":[{"embeddable":true,"href":"https:\/\/veriv.eu\/index.php\/wp-json\/wp\/v2\/comments?post=134315"}],"version-history":[{"count":0,"href":"https:\/\/veriv.eu\/index.php\/wp-json\/wp\/v2\/posts\/134315\/revisions"}],"wp:featuredmedia":[{"embeddable":true,"href":"https:\/\/veriv.eu\/index.php\/wp-json\/wp\/v2\/media\/142007"}],"wp:attachment":[{"href":"https:\/\/veriv.eu\/index.php\/wp-json\/wp\/v2\/media?parent=134315"}],"wp:term":[{"taxonomy":"category","embeddable":true,"href":"https:\/\/veriv.eu\/index.php\/wp-json\/wp\/v2\/categories?post=134315"},{"taxonomy":"post_tag","embeddable":true,"href":"https:\/\/veriv.eu\/index.php\/wp-json\/wp\/v2\/tags?post=134315"}],"curies":[{"name":"wp","href":"https:\/\/api.w.org\/{rel}","templated":true}]}}