{"id":134310,"date":"2019-04-22T22:14:43","date_gmt":"2019-04-22T20:14:43","guid":{"rendered":"http:\/\/veriv.pokrzywko.com\/?p=134310"},"modified":"2021-07-15T14:34:25","modified_gmt":"2021-07-15T12:34:25","slug":"pokrzywko-kancelaria-prawna-prawo-karne-cywilne-gospodarcze","status":"publish","type":"post","link":"https:\/\/veriv.eu\/index.php\/2019\/04\/22\/pokrzywko-kancelaria-prawna-prawo-karne-cywilne-gospodarcze\/","title":{"rendered":"Kancelaria Prawna \/ Prawo Karne, Cywilne, Gospodarcze"},"content":{"rendered":"<p style=\"text-align: justify;\"><strong>Kancelaria Prawna i Gospodarcza VERIV\u00a0 oferuje szeroki wachlarz us\u0142ug na kt\u00f3ry sk\u0142ada si\u0119 kompleksowa obs\u0142uga podmiot\u00f3w gospodarczych oraz os\u00f3b fizycznych.<\/strong>\u00a0Nasz zesp\u00f3\u0142 to wysoko wyspecjalizowana kadra Adwokat\u00f3w, Radc\u00f3w Prawnych, Doradc\u00f3w oraz Prywatnych Detektyw\u00f3w.\u00a0Posiadamy wieloletnie do\u015bwiadczenie w obs\u0142udze sp\u00f3\u0142ek prawa handlowego jak r\u00f3wnie\u017c podmiot\u00f3w prowadz\u0105cych dzia\u0142alno\u015b\u0107 gospodarcz\u0105 w oparciu o wpis do CEIDG.<\/p>\n<p style=\"text-align: justify;\">Zajmujemy si\u0119 sprawami o najwy\u017cszym poziomie zawi\u0142o\u015bci. Podejmiemy si\u0119 najbardziej skomplikowanych spraw zar\u00f3wno z zakresu prawa karnego, cywilnego, gospodarczego jak i spraw rozwodowych z udowodnieniem winy.<\/p>\n<p style=\"text-align: justify;\">VERIV\u00a0 specjalizuje si\u0119 w \u015bwiadczeniu us\u0142ug na rzecz podmiot\u00f3w dzia\u0142aj\u0105cych w bran\u017cy TSL (transport, spedycja, logistyka). Od innych wyr\u00f3\u017cnia nas wiedza dotycz\u0105ca prowadzenia tej dzia\u0142alno\u015bci od kuchni co w po\u0142\u0105czeniu z naszym do\u015bwiadczeniem prawnym daje 100% gwarantowanej satysfakcji z naszej pomocy. <strong>Specjalizujemy si\u0119 r\u00f3wnie\u017c w restrukturyzacjach przedsi\u0119biorstw.<\/strong>\u00a0Naszym atutem w tej dziedzinie jest posiadany w\u0142asny kapita\u0142, kt\u00f3ry w szczeg\u00f3lnych wypadkach mo\u017ce by\u0107 pomocny przy wdra\u017caniu restrukturyzacji.<\/p>\n<p>&nbsp;<\/p>\n<p style=\"text-align: justify;\">VERIV to Tw\u00f3j doradca w biznesie, kt\u00f3remu mo\u017cesz zaufa\u0107. Jeste\u015bmy agencj\u0105 bezpiecze\u0144stwa gospodarczego, <strong>kancelaria prawna<\/strong>, zajmuj\u0105c\u0105 si\u0119\u00a0<strong>przeprowadzaniem rzetelnych i profesjonalnych wywiad\u00f3w gospodarczych i dochodzeniem niezale\u017cno\u015bci<\/strong>. Nasze us\u0142ugi skierowane s\u0105 do instytucji oraz przedsi\u0119biorc\u00f3w ze wszystkich sektor\u00f3w gospodarki. Je\u017celi chcesz dowiedzie\u0107 si\u0119 z kim wchodzisz w relacje biznesowe \u2013 skorzystaj z naszej pomocy.<\/p>\n<p>&nbsp;<\/p>\n<h2 style=\"text-align: justify;\">Dlaczego potrzebujesz naszych us\u0142ug?<\/h2>\n<p style=\"text-align: justify;\">Wysok\u0105 skuteczno\u015b\u0107 osi\u0105gamy dzi\u0119ki naszemu wywiadowi, kt\u00f3ry dzia\u0142a na obszarze ca\u0142ej Unii Europejskiej. Dzi\u0119ki niemu mo\u017cemy <strong>zabezpieczy\u0107 Ciebie oraz Twoje finanse przed nieuczciwymi kontrahentami<\/strong>. Przest\u0119pczo\u015b\u0107 gospodarcza to niestety wci\u0105\u017c rozwijaj\u0105cy si\u0119 proceder, kt\u00f3ry istnieje praktycznie od pocz\u0105tku systemu gospodarki rynkowej. Nale\u017cy wiedzie\u0107, jak si\u0119 przed ni\u0105 zabezpieczy\u0107.<\/p>\n<p style=\"text-align: justify;\">Pa\u0144stwo Polskie niestety nie oferuje wystarczaj\u0105cej ochrony dla przedsi\u0119biorc\u00f3w, poniewa\u017c ustawa o udost\u0119pnianiu informacji gospodarczych i wymianie danych gospodarczych przewiduj\u0105 mo\u017cliwo\u015b\u0107 zg\u0142aszania nieuczciwego kontrahenta do Krajowego Rejestru D\u0142u\u017cnik\u00f3w dopiero po terminie 60 dni. To bardzo kr\u00f3tki czas dla Ciebie, ale <strong>wystarczaj\u0105cy by oszu\u015bci narazili Ci\u0119 na straty i utracenie p\u0142ynno\u015bci finansowej<\/strong>.<\/p>\n<h2 style=\"text-align: justify;\">W jaki spos\u00f3b dzia\u0142amy?<\/h2>\n<p style=\"text-align: justify;\">Bezpiecze\u0144stwo Twoich finans\u00f3w jest dla nas priorytetem, dlatego <strong>dok\u0142adnie i profesjonalnie weryfikujemy podmioty, z kt\u00f3rymi chcesz wsp\u00f3\u0142pracowa\u0107<\/strong>. Oferujemy wiele narz\u0119dzi, za pomoc\u0105 kt\u00f3rych oceniamy wiarygodno\u015b\u0107 Twoich kontrahent\u00f3w. S\u0105 to m.in.:<\/p>\n<ul style=\"text-align: justify;\">\n<li>Rozeznanie podmiotu gospodarczego<\/li>\n<li>Analiza przebiegu jego dotychczasowej dzia\u0142alno\u015bci<\/li>\n<li>Sprawozdanie z zebranych informacji wraz z ocen\u0105 kondycji handlowej i finansowej kontrahenta, powi\u0105zaniami podmiotu z innymi strukturami rynku, ocena ekonomiczna oraz prawna.<\/li>\n<\/ul>\n<p style=\"text-align: justify;\">W naszej ofercie znajduje si\u0119 tak\u017ce <strong>wsparcie w podejmowaniu dzia\u0142a\u0144 zachowania poufno\u015bci informacji<\/strong> technicznych, technologicznych, organizacyjnych\u00a0 przedsi\u0119biorstwa lub innych, posiadaj\u0105cych warto\u015b\u0107 gospodarcz\u0105. Odbywa si\u0119 to poprzez sporz\u0105dzenie schematu post\u0119powania i wprowadzania systemu ochrony tajemnic przedsi\u0119biorstwa oraz przeszkolenie pracownik\u00f3w.<\/p>\n<h2 style=\"text-align: justify;\">Dlaczego my?<\/h2>\n<p style=\"text-align: justify;\">VERIV to zesp\u00f3\u0142 profesjonalist\u00f3w, kt\u00f3ry podchodzi do ka\u017cdego zlecenia indywidualnie. Gwarantujemy ca\u0142kowit\u0105 bezstronno\u015b\u0107 \u2013 nie wspieraj\u0105 nas \u017cadne podmioty zewn\u0119trzne. Nasza kadra sk\u0142ada si\u0119 z wykwalifikowanych specjalist\u00f3w od finans\u00f3w, prawa, ekonomii i nie tylko. Zale\u017cy nam na skuteczno\u015bci i ograniczeniu Twojego ryzyka finansowego do minimum.<\/p>\n","protected":false},"excerpt":{"rendered":"<p>Kancelaria Prawna i Gospodarcza VERIV\u00a0 oferuje szeroki wachlarz us\u0142ug na kt\u00f3ry sk\u0142ada si\u0119 kompleksowa obs\u0142uga podmiot\u00f3w gospodarczych oraz os\u00f3b fizycznych.\u00a0Nasz zesp\u00f3\u0142 to wysoko wyspecjalizowana kadra Adwokat\u00f3w, Radc\u00f3w Prawnych, Doradc\u00f3w oraz Prywatnych Detektyw\u00f3w.\u00a0Posiadamy wieloletnie do\u015bwiadczenie w obs\u0142udze sp\u00f3\u0142ek prawa handlowego jak r\u00f3wnie\u017c podmiot\u00f3w prowadz\u0105cych dzia\u0142alno\u015b\u0107 gospodarcz\u0105 w oparciu o wpis do CEIDG. Zajmujemy si\u0119 sprawami o [&hellip;]<\/p>\n","protected":false},"author":1,"featured_media":142009,"comment_status":"closed","ping_status":"open","sticky":false,"template":"","format":"standard","meta":{"footnotes":""},"categories":[30],"tags":[],"class_list":["post-134310","post","type-post","status-publish","format-standard","has-post-thumbnail","hentry","category-kancelaria-prawna"],"yoast_head":"<!-- This site is optimized with the Yoast SEO plugin v23.4 - https:\/\/yoast.com\/wordpress\/plugins\/seo\/ -->\n<title>Kancelaria Prawna \/ Prawo Karne, Cywilne, Gospodarcze - Kancelaria Prawna \/ Adwokat, Radca Prawny, Detektyw<\/title>\n<meta name=\"robots\" content=\"index, follow, max-snippet:-1, max-image-preview:large, max-video-preview:-1\" \/>\n<link rel=\"canonical\" href=\"https:\/\/veriv.eu\/index.php\/2019\/04\/22\/pokrzywko-kancelaria-prawna-prawo-karne-cywilne-gospodarcze\/\" \/>\n<meta property=\"og:locale\" content=\"pl_PL\" \/>\n<meta property=\"og:type\" content=\"article\" \/>\n<meta property=\"og:title\" content=\"Kancelaria Prawna \/ Prawo Karne, Cywilne, Gospodarcze - Kancelaria Prawna \/ Adwokat, Radca Prawny, Detektyw\" \/>\n<meta property=\"og:description\" content=\"Kancelaria Prawna i Gospodarcza VERIV\u00a0 oferuje szeroki wachlarz us\u0142ug na kt\u00f3ry sk\u0142ada si\u0119 kompleksowa obs\u0142uga podmiot\u00f3w gospodarczych oraz os\u00f3b fizycznych.\u00a0Nasz zesp\u00f3\u0142 to wysoko wyspecjalizowana kadra Adwokat\u00f3w, Radc\u00f3w Prawnych, Doradc\u00f3w oraz Prywatnych Detektyw\u00f3w.\u00a0Posiadamy wieloletnie do\u015bwiadczenie w obs\u0142udze sp\u00f3\u0142ek prawa handlowego jak r\u00f3wnie\u017c podmiot\u00f3w prowadz\u0105cych dzia\u0142alno\u015b\u0107 gospodarcz\u0105 w oparciu o wpis do CEIDG. Zajmujemy si\u0119 sprawami o [&hellip;]\" \/>\n<meta property=\"og:url\" content=\"https:\/\/veriv.eu\/index.php\/2019\/04\/22\/pokrzywko-kancelaria-prawna-prawo-karne-cywilne-gospodarcze\/\" \/>\n<meta property=\"og:site_name\" content=\"Kancelaria Prawna \/ Adwokat, Radca Prawny, Detektyw\" \/>\n<meta property=\"article:author\" content=\"https:\/\/www.facebook.com\/veriv.s.a\/\" \/>\n<meta property=\"article:published_time\" content=\"2019-04-22T20:14:43+00:00\" \/>\n<meta property=\"article:modified_time\" content=\"2021-07-15T12:34:25+00:00\" \/>\n<meta property=\"og:image\" content=\"https:\/\/veriv.eu\/wp-content\/uploads\/2019\/04\/maxresdefault.jpg\" \/>\n\t<meta property=\"og:image:width\" content=\"1280\" \/>\n\t<meta property=\"og:image:height\" content=\"720\" \/>\n\t<meta property=\"og:image:type\" content=\"image\/jpeg\" \/>\n<meta name=\"author\" content=\"VERIV\" \/>\n<meta name=\"twitter:card\" content=\"summary_large_image\" \/>\n<meta name=\"twitter:label1\" content=\"Napisane przez\" \/>\n\t<meta name=\"twitter:data1\" content=\"VERIV\" \/>\n\t<meta name=\"twitter:label2\" content=\"Szacowany czas czytania\" \/>\n\t<meta name=\"twitter:data2\" content=\"2 minuty\" \/>\n<script type=\"application\/ld+json\" class=\"yoast-schema-graph\">{\"@context\":\"https:\/\/schema.org\",\"@graph\":[{\"@type\":\"WebPage\",\"@id\":\"https:\/\/veriv.eu\/index.php\/2019\/04\/22\/pokrzywko-kancelaria-prawna-prawo-karne-cywilne-gospodarcze\/\",\"url\":\"https:\/\/veriv.eu\/index.php\/2019\/04\/22\/pokrzywko-kancelaria-prawna-prawo-karne-cywilne-gospodarcze\/\",\"name\":\"Kancelaria Prawna \/ Prawo Karne, Cywilne, Gospodarcze - Kancelaria Prawna \/ Adwokat, Radca Prawny, Detektyw\",\"isPartOf\":{\"@id\":\"https:\/\/veriv.eu\/#website\"},\"primaryImageOfPage\":{\"@id\":\"https:\/\/veriv.eu\/index.php\/2019\/04\/22\/pokrzywko-kancelaria-prawna-prawo-karne-cywilne-gospodarcze\/#primaryimage\"},\"image\":{\"@id\":\"https:\/\/veriv.eu\/index.php\/2019\/04\/22\/pokrzywko-kancelaria-prawna-prawo-karne-cywilne-gospodarcze\/#primaryimage\"},\"thumbnailUrl\":\"https:\/\/veriv.eu\/wp-content\/uploads\/2019\/04\/maxresdefault.jpg\",\"datePublished\":\"2019-04-22T20:14:43+00:00\",\"dateModified\":\"2021-07-15T12:34:25+00:00\",\"author\":{\"@id\":\"https:\/\/veriv.eu\/#\/schema\/person\/423552a3509eca4d7f912a129e38485e\"},\"breadcrumb\":{\"@id\":\"https:\/\/veriv.eu\/index.php\/2019\/04\/22\/pokrzywko-kancelaria-prawna-prawo-karne-cywilne-gospodarcze\/#breadcrumb\"},\"inLanguage\":\"pl-PL\",\"potentialAction\":[{\"@type\":\"ReadAction\",\"target\":[\"https:\/\/veriv.eu\/index.php\/2019\/04\/22\/pokrzywko-kancelaria-prawna-prawo-karne-cywilne-gospodarcze\/\"]}]},{\"@type\":\"ImageObject\",\"inLanguage\":\"pl-PL\",\"@id\":\"https:\/\/veriv.eu\/index.php\/2019\/04\/22\/pokrzywko-kancelaria-prawna-prawo-karne-cywilne-gospodarcze\/#primaryimage\",\"url\":\"https:\/\/veriv.eu\/wp-content\/uploads\/2019\/04\/maxresdefault.jpg\",\"contentUrl\":\"https:\/\/veriv.eu\/wp-content\/uploads\/2019\/04\/maxresdefault.jpg\",\"width\":1280,\"height\":720},{\"@type\":\"BreadcrumbList\",\"@id\":\"https:\/\/veriv.eu\/index.php\/2019\/04\/22\/pokrzywko-kancelaria-prawna-prawo-karne-cywilne-gospodarcze\/#breadcrumb\",\"itemListElement\":[{\"@type\":\"ListItem\",\"position\":1,\"name\":\"Strona g\u0142\u00f3wna\",\"item\":\"https:\/\/veriv.eu\/\"},{\"@type\":\"ListItem\",\"position\":2,\"name\":\"Kancelaria Prawna \/ Prawo Karne, Cywilne, Gospodarcze\"}]},{\"@type\":\"WebSite\",\"@id\":\"https:\/\/veriv.eu\/#website\",\"url\":\"https:\/\/veriv.eu\/\",\"name\":\"Kancelaria Prawna \/ Adwokat, Radca Prawny, Detektyw\",\"description\":\"Kancelaria Veriv\",\"potentialAction\":[{\"@type\":\"SearchAction\",\"target\":{\"@type\":\"EntryPoint\",\"urlTemplate\":\"https:\/\/veriv.eu\/?s={search_term_string}\"},\"query-input\":{\"@type\":\"PropertyValueSpecification\",\"valueRequired\":true,\"valueName\":\"search_term_string\"}}],\"inLanguage\":\"pl-PL\"},{\"@type\":\"Person\",\"@id\":\"https:\/\/veriv.eu\/#\/schema\/person\/423552a3509eca4d7f912a129e38485e\",\"name\":\"VERIV\",\"image\":{\"@type\":\"ImageObject\",\"inLanguage\":\"pl-PL\",\"@id\":\"https:\/\/veriv.eu\/#\/schema\/person\/image\/\",\"url\":\"https:\/\/secure.gravatar.com\/avatar\/fd09232202d88df8c7e56af87438fa2e?s=96&d=mm&r=g\",\"contentUrl\":\"https:\/\/secure.gravatar.com\/avatar\/fd09232202d88df8c7e56af87438fa2e?s=96&d=mm&r=g\",\"caption\":\"VERIV\"},\"sameAs\":[\"https:\/\/veriv.eu\",\"https:\/\/www.facebook.com\/veriv.s.a\/\",\"https:\/\/www.youtube.com\/results?search_query=jm+network+television\"],\"url\":\"https:\/\/veriv.eu\/index.php\/author\/admin\/\"}]}<\/script>\n<!-- \/ Yoast SEO plugin. -->","yoast_head_json":{"title":"Kancelaria Prawna \/ Prawo Karne, Cywilne, Gospodarcze - Kancelaria Prawna \/ Adwokat, Radca Prawny, Detektyw","robots":{"index":"index","follow":"follow","max-snippet":"max-snippet:-1","max-image-preview":"max-image-preview:large","max-video-preview":"max-video-preview:-1"},"canonical":"https:\/\/veriv.eu\/index.php\/2019\/04\/22\/pokrzywko-kancelaria-prawna-prawo-karne-cywilne-gospodarcze\/","og_locale":"pl_PL","og_type":"article","og_title":"Kancelaria Prawna \/ Prawo Karne, Cywilne, Gospodarcze - Kancelaria Prawna \/ Adwokat, Radca Prawny, Detektyw","og_description":"Kancelaria Prawna i Gospodarcza VERIV\u00a0 oferuje szeroki wachlarz us\u0142ug na kt\u00f3ry sk\u0142ada si\u0119 kompleksowa obs\u0142uga podmiot\u00f3w gospodarczych oraz os\u00f3b fizycznych.\u00a0Nasz zesp\u00f3\u0142 to wysoko wyspecjalizowana kadra Adwokat\u00f3w, Radc\u00f3w Prawnych, Doradc\u00f3w oraz Prywatnych Detektyw\u00f3w.\u00a0Posiadamy wieloletnie do\u015bwiadczenie w obs\u0142udze sp\u00f3\u0142ek prawa handlowego jak r\u00f3wnie\u017c podmiot\u00f3w prowadz\u0105cych dzia\u0142alno\u015b\u0107 gospodarcz\u0105 w oparciu o wpis do CEIDG. Zajmujemy si\u0119 sprawami o [&hellip;]","og_url":"https:\/\/veriv.eu\/index.php\/2019\/04\/22\/pokrzywko-kancelaria-prawna-prawo-karne-cywilne-gospodarcze\/","og_site_name":"Kancelaria Prawna \/ Adwokat, Radca Prawny, Detektyw","article_author":"https:\/\/www.facebook.com\/veriv.s.a\/","article_published_time":"2019-04-22T20:14:43+00:00","article_modified_time":"2021-07-15T12:34:25+00:00","og_image":[{"width":1280,"height":720,"url":"https:\/\/veriv.eu\/wp-content\/uploads\/2019\/04\/maxresdefault.jpg","type":"image\/jpeg"}],"author":"VERIV","twitter_card":"summary_large_image","twitter_misc":{"Napisane przez":"VERIV","Szacowany czas czytania":"2 minuty"},"schema":{"@context":"https:\/\/schema.org","@graph":[{"@type":"WebPage","@id":"https:\/\/veriv.eu\/index.php\/2019\/04\/22\/pokrzywko-kancelaria-prawna-prawo-karne-cywilne-gospodarcze\/","url":"https:\/\/veriv.eu\/index.php\/2019\/04\/22\/pokrzywko-kancelaria-prawna-prawo-karne-cywilne-gospodarcze\/","name":"Kancelaria Prawna \/ Prawo Karne, Cywilne, Gospodarcze - Kancelaria Prawna \/ Adwokat, Radca Prawny, Detektyw","isPartOf":{"@id":"https:\/\/veriv.eu\/#website"},"primaryImageOfPage":{"@id":"https:\/\/veriv.eu\/index.php\/2019\/04\/22\/pokrzywko-kancelaria-prawna-prawo-karne-cywilne-gospodarcze\/#primaryimage"},"image":{"@id":"https:\/\/veriv.eu\/index.php\/2019\/04\/22\/pokrzywko-kancelaria-prawna-prawo-karne-cywilne-gospodarcze\/#primaryimage"},"thumbnailUrl":"https:\/\/veriv.eu\/wp-content\/uploads\/2019\/04\/maxresdefault.jpg","datePublished":"2019-04-22T20:14:43+00:00","dateModified":"2021-07-15T12:34:25+00:00","author":{"@id":"https:\/\/veriv.eu\/#\/schema\/person\/423552a3509eca4d7f912a129e38485e"},"breadcrumb":{"@id":"https:\/\/veriv.eu\/index.php\/2019\/04\/22\/pokrzywko-kancelaria-prawna-prawo-karne-cywilne-gospodarcze\/#breadcrumb"},"inLanguage":"pl-PL","potentialAction":[{"@type":"ReadAction","target":["https:\/\/veriv.eu\/index.php\/2019\/04\/22\/pokrzywko-kancelaria-prawna-prawo-karne-cywilne-gospodarcze\/"]}]},{"@type":"ImageObject","inLanguage":"pl-PL","@id":"https:\/\/veriv.eu\/index.php\/2019\/04\/22\/pokrzywko-kancelaria-prawna-prawo-karne-cywilne-gospodarcze\/#primaryimage","url":"https:\/\/veriv.eu\/wp-content\/uploads\/2019\/04\/maxresdefault.jpg","contentUrl":"https:\/\/veriv.eu\/wp-content\/uploads\/2019\/04\/maxresdefault.jpg","width":1280,"height":720},{"@type":"BreadcrumbList","@id":"https:\/\/veriv.eu\/index.php\/2019\/04\/22\/pokrzywko-kancelaria-prawna-prawo-karne-cywilne-gospodarcze\/#breadcrumb","itemListElement":[{"@type":"ListItem","position":1,"name":"Strona g\u0142\u00f3wna","item":"https:\/\/veriv.eu\/"},{"@type":"ListItem","position":2,"name":"Kancelaria Prawna \/ Prawo Karne, Cywilne, Gospodarcze"}]},{"@type":"WebSite","@id":"https:\/\/veriv.eu\/#website","url":"https:\/\/veriv.eu\/","name":"Kancelaria Prawna \/ Adwokat, Radca Prawny, Detektyw","description":"Kancelaria Veriv","potentialAction":[{"@type":"SearchAction","target":{"@type":"EntryPoint","urlTemplate":"https:\/\/veriv.eu\/?s={search_term_string}"},"query-input":{"@type":"PropertyValueSpecification","valueRequired":true,"valueName":"search_term_string"}}],"inLanguage":"pl-PL"},{"@type":"Person","@id":"https:\/\/veriv.eu\/#\/schema\/person\/423552a3509eca4d7f912a129e38485e","name":"VERIV","image":{"@type":"ImageObject","inLanguage":"pl-PL","@id":"https:\/\/veriv.eu\/#\/schema\/person\/image\/","url":"https:\/\/secure.gravatar.com\/avatar\/fd09232202d88df8c7e56af87438fa2e?s=96&d=mm&r=g","contentUrl":"https:\/\/secure.gravatar.com\/avatar\/fd09232202d88df8c7e56af87438fa2e?s=96&d=mm&r=g","caption":"VERIV"},"sameAs":["https:\/\/veriv.eu","https:\/\/www.facebook.com\/veriv.s.a\/","https:\/\/www.youtube.com\/results?search_query=jm+network+television"],"url":"https:\/\/veriv.eu\/index.php\/author\/admin\/"}]}},"_links":{"self":[{"href":"https:\/\/veriv.eu\/index.php\/wp-json\/wp\/v2\/posts\/134310","targetHints":{"allow":["GET"]}}],"collection":[{"href":"https:\/\/veriv.eu\/index.php\/wp-json\/wp\/v2\/posts"}],"about":[{"href":"https:\/\/veriv.eu\/index.php\/wp-json\/wp\/v2\/types\/post"}],"author":[{"embeddable":true,"href":"https:\/\/veriv.eu\/index.php\/wp-json\/wp\/v2\/users\/1"}],"replies":[{"embeddable":true,"href":"https:\/\/veriv.eu\/index.php\/wp-json\/wp\/v2\/comments?post=134310"}],"version-history":[{"count":0,"href":"https:\/\/veriv.eu\/index.php\/wp-json\/wp\/v2\/posts\/134310\/revisions"}],"wp:featuredmedia":[{"embeddable":true,"href":"https:\/\/veriv.eu\/index.php\/wp-json\/wp\/v2\/media\/142009"}],"wp:attachment":[{"href":"https:\/\/veriv.eu\/index.php\/wp-json\/wp\/v2\/media?parent=134310"}],"wp:term":[{"taxonomy":"category","embeddable":true,"href":"https:\/\/veriv.eu\/index.php\/wp-json\/wp\/v2\/categories?post=134310"},{"taxonomy":"post_tag","embeddable":true,"href":"https:\/\/veriv.eu\/index.php\/wp-json\/wp\/v2\/tags?post=134310"}],"curies":[{"name":"wp","href":"https:\/\/api.w.org\/{rel}","templated":true}]}}